{"id":4046,"date":"2019-01-15T03:00:00","date_gmt":"2019-01-15T06:00:00","guid":{"rendered":"http:\/\/vocesdebaires.com.ar\/wordpress\/index.php\/2019\/01\/15\/playa-bs-as-2019verano-en-la-ciudad\/"},"modified":"2019-01-15T03:00:00","modified_gmt":"2019-01-15T06:00:00","slug":"playa-bs-as-2019verano-en-la-ciudad","status":"publish","type":"post","link":"https:\/\/vocesdebaires.com.ar\/index.php\/2019\/01\/15\/playa-bs-as-2019verano-en-la-ciudad\/","title":{"rendered":"Playa Bs As 2019:Verano en la Ciudad"},"content":{"rendered":"<p>La temporada abri\u00f3 el pasado viernes 11 de enero y cerrar\u00e1 el 28 de febrero, en los Parques de los Ni\u00f1os e Indoamericano. Las playas funcionan de martes a domingos y feriados de 10 a 20. Llega el calor a Buenos Aires y la Ciudad se prepara para recibirlo con una nueva edici\u00f3n de Buenos Aires Playa. Tanto al norte como al sur, los vecinos podr\u00e1n disfrutar del verano en los Parques de los Ni\u00f1os e Indoamericano. Con actividades totalmente gratuitas, las playas funcionan de martes a domingos y feriados de 10 a 20. La temporada abre este viernes 11 de enero y se extender\u00e1 hasta el 28 de febrero. Todas las actividades son gratuitas.<\/p>\n<p>Foto de Prensa GCBA<br \/>Buenos Aires Playa 2019<\/p>\n","protected":false},"excerpt":{"rendered":"<p>La temporada abri\u00f3 el pasado viernes 11 de enero y cerrar\u00e1 el 28 de febrero, en los Parques de los Ni\u00f1os e Indoamericano. Las playas funcionan de martes a domingos y feriados de 10 a 20. Llega el calor a Buenos Aires y la Ciudad se prepara para recibirlo con una nueva edici\u00f3n de Buenos [&hellip;]<\/p>\n","protected":false},"author":1,"featured_media":4047,"comment_status":"open","ping_status":"open","sticky":false,"template":"","format":"standard","meta":{"_et_pb_use_builder":"","_et_pb_old_content":"","_et_gb_content_width":"","footnotes":""},"categories":[11,33],"tags":[],"class_list":["post-4046","post","type-post","status-publish","format-standard","has-post-thumbnail","hentry","category-ciudad","category-sociedad-y-cultura-2"],"_links":{"self":[{"href":"https:\/\/vocesdebaires.com.ar\/index.php\/wp-json\/wp\/v2\/posts\/4046"}],"collection":[{"href":"https:\/\/vocesdebaires.com.ar\/index.php\/wp-json\/wp\/v2\/posts"}],"about":[{"href":"https:\/\/vocesdebaires.com.ar\/index.php\/wp-json\/wp\/v2\/types\/post"}],"author":[{"embeddable":true,"href":"https:\/\/vocesdebaires.com.ar\/index.php\/wp-json\/wp\/v2\/users\/1"}],"replies":[{"embeddable":true,"href":"https:\/\/vocesdebaires.com.ar\/index.php\/wp-json\/wp\/v2\/comments?post=4046"}],"version-history":[{"count":0,"href":"https:\/\/vocesdebaires.com.ar\/index.php\/wp-json\/wp\/v2\/posts\/4046\/revisions"}],"wp:featuredmedia":[{"embeddable":true,"href":"https:\/\/vocesdebaires.com.ar\/index.php\/wp-json\/wp\/v2\/media\/4047"}],"wp:attachment":[{"href":"https:\/\/vocesdebaires.com.ar\/index.php\/wp-json\/wp\/v2\/media?parent=4046"}],"wp:term":[{"taxonomy":"category","embeddable":true,"href":"https:\/\/vocesdebaires.com.ar\/index.php\/wp-json\/wp\/v2\/categories?post=4046"},{"taxonomy":"post_tag","embeddable":true,"href":"https:\/\/vocesdebaires.com.ar\/index.php\/wp-json\/wp\/v2\/tags?post=4046"}],"curies":[{"name":"wp","href":"https:\/\/api.w.org\/{rel}","templated":true}]}}