{"id":40472,"date":"2022-09-21T00:00:48","date_gmt":"2022-09-21T03:00:48","guid":{"rendered":"https:\/\/vocesdebaires.com.ar\/?p=40472"},"modified":"2022-09-20T23:11:12","modified_gmt":"2022-09-21T02:11:12","slug":"jornadas-sobre-el-estado-de-situacion-de-las-economias-regionales-y-sus-potencialidades","status":"publish","type":"post","link":"https:\/\/vocesdebaires.com.ar\/index.php\/2022\/09\/21\/jornadas-sobre-el-estado-de-situacion-de-las-economias-regionales-y-sus-potencialidades\/","title":{"rendered":"Jornadas sobre el estado de situaci\u00f3n de las Econom\u00edas Regionales"},"content":{"rendered":"<p>La comisi\u00f3n de Econom\u00edas y Desarrollo Regional de la HCDN, presidida por el diputado formose\u00f1o, Ramiro Fern\u00e1ndez Patri, se reuni\u00f3 ayer por la tarde\u00a0 tarde, para realizar unas jornadas sobre el estado de situaci\u00f3n de las Econom\u00edas Regionales y sus potencialidades. El objetivo de la reuni\u00f3n es conocer la situaci\u00f3n productiva y comercial de las econom\u00edas regionales del pa\u00eds, a trav\u00e9s de expositores del \u00e1mbito p\u00fablico y privado para delinear una agenda de trabajo legislativa. En ese sentido, Fern\u00e1ndez Patri se\u00f1al\u00f3: \u201cLo que pretendemos con estas jornadas es visibilizar las econom\u00edas regionales para que sean puestas en agenda. Las econom\u00edas regionales son estrat\u00e9gicas para el desarrollo econ\u00f3mico del pa\u00eds.<\/p>\n<p>El a\u00f1o pasado ha generado 7 mil millones de d\u00f3lares de exportaciones y m\u00e1s de un mill\u00f3n de puestos de trabajo y con este desarrollo que est\u00e1n teniendo exceden lo Extra pampeano y tienen que ver con todo el territorio nacional.\u201d Agreg\u00f3: \u201cHemos llegado a un acuerdo con los integrantes de la comisi\u00f3n, del oficialismo y de la oposici\u00f3n, en arrancar con unas jornadas informativas, donde junto a los representantes, productores y funcionarios del sector, podamos establecer un estado de situaci\u00f3n, de c\u00f3mo est\u00e1n hoy las econom\u00edas regionales y luego avanzar en un proyecto integrador.\u201d<\/p>\n<p>Fern\u00e1ndez Patri tambi\u00e9n afirm\u00f3 que \u201cestamos en un momento crucial de la Argentina donde las econom\u00edas regionales se vuelven estrat\u00e9gicas para hacer un pa\u00eds federal en serio, para potenciar los complejos exportadores que est\u00e1n en nuestro pa\u00eds, para la generaci\u00f3n de divisas y la generaci\u00f3n de empleo por sobre todas las cosas.\u201d El titular de la comisi\u00f3n puso \u00e9nfasis al finalizar su exposici\u00f3n cuando manifest\u00f3 que \u201cqued\u00f3 claro en esta reuni\u00f3n que en la actualizaci\u00f3n del concepto de econom\u00edas regionales no podemos hacer una divisi\u00f3n entre sector primario, secundario y terciario,\u201d sino que \u201clas materias primas con su industrializaci\u00f3n y los servicios son caras de una misma moneda.\u201d<\/p>\n<p>En la apertura de la reuni\u00f3n informativa, el Subsecretario de Alimentos, Bioeconom\u00eda y Desarrollo Regional del Ministerio de Econom\u00eda, Luis Contigiani, afirm\u00f3 que \u201clas econom\u00edas regionales no han sido reconocidas en su justo valor,\u201d y agreg\u00f3: \u201cEso hay que reverlo, hay que pensarlas de forma estrat\u00e9gica, porque ellas significan un gran impacto para el desarrollo regional y las exportaciones.\u201d Explic\u00f3 que estas econom\u00edas generan: \u201c1,1 mill\u00f3n de puestos de trabajo directos; m\u00e1s de 7 mil millones de d\u00f3lares en exportaci\u00f3n en el 2021; alta incidencia en el PBI provincial; mayor porcentaje de agregado de valor y 2,38 millones de hect\u00e1reas implantadas agr\u00edcolas de productos regionales.\u201d<\/p>\n<p>Asimismo, el Subsecretario del Ministerio de Econom\u00eda destac\u00f3 que, a ra\u00edz de gestiones del presidente de esta comisi\u00f3n y otros diputados, se han podido incorporar propuestas para el desarrollo de las econom\u00edas regionales en la Ley de Bioagro industria, como \u201cla amortizaci\u00f3n acelerada, en todas las actividades regionales,\u201d \u201cel cr\u00e9dito fiscal,\u201d \u201cel empleo\u201d con cargas patronales y beneficios, \u201cexportaciones con valor agregado\u201d y \u201ccompensaci\u00f3n para peque\u00f1os productores y cooperativas.\u201d<\/p>\n<p>El encuentro tambi\u00e9n cont\u00f3 con la presencia de la Presidenta de la Comisi\u00f3n de Econom\u00edas Regionales de la C\u00e1mara Alta, la senadora Nora Gim\u00e9nez del Valle, (FDT &#8211; Salta), quien celebr\u00f3 que esta reuni\u00f3n se haga en este momento tan oportuno y necesario para el pa\u00eds. \u201cVamos a lograr que se jerarquicen las econom\u00edas regionales, que son el motor econ\u00f3mico del interior de nuestro pa\u00eds, con la importancia y trascendencia que se merecen, por eso avanzamos firmemente en la perspectiva de un pa\u00eds federal\u00bb, sostuvo. El Presidente de la comisi\u00f3n, Fern\u00e1ndez Patri, agradeci\u00f3 su presencia y destac\u00f3 que la misma daba cuenta de un trabajo articulado \u201cd\u00f3nde ambas c\u00e1maras quieren visibilizar todo esto y darle un resultado positivo.\u201d<\/p>\n<p>Asimismo, el consorcio de trabajo INTA &#8211; INTI &#8211; UNNE &#8211; Universidad de Salta y Universidad de Santiago del Estero, present\u00f3 los alcances y resultados b\u00e1sicos del Proyecto sobre Bioeconom\u00eda del Norte Argentino. Uno de sus representantes, el Ing. Roberto Broccheto se\u00f1al\u00f3: \u201cNos toca hablar del Proyecto Bioeconom\u00eda del Norte Grande por el que se busca sustituir recursos f\u00f3siles por renovables. Es una regla que se comparte a nivel global; se busca establecer una estrategia de negociaci\u00f3n basada en pol\u00edticas p\u00fablicas\u201d.<\/p>\n<p>Por su parte, otros de sus exponentes, Jorge Hilbert expres\u00f3: \u00abLa bioenerg\u00eda, como la conocemos, enfrenta enormes desaf\u00edos en la regi\u00f3n; requiere avances en el respeto hacia la deforestaci\u00f3n, sistemas de certificaci\u00f3n y asesoramiento, mediciones de impacto en las emisiones e informaci\u00f3n de producci\u00f3n.\u201d Productores de diferentes sectores, como el Presidente de CAME, Eduardo Rodr\u00edguez, remarc\u00f3 que \u201clas econom\u00edas regionales son el motor del pueblo argentino moviendo la rueda de la econom\u00eda,\u201d y sostuvo que \u201cson arraigo, valor agregado, seguridad alimentaria, divisas y empleo genuino\u201d.<\/p>\n<p>Tambi\u00e9n expusieron representantes de la C\u00e1mara de Tabaco de Salta; de la Asociaci\u00f3n para la Promoci\u00f3n de la Producci\u00f3n Algodonera; del Centro de Azucareros Argentinos y de la Federaci\u00f3n Oliv\u00edcola Argentina. Y se presentaron experiencias innovadoras de desarrollo y agregado de valor de diferentes regiones del pa\u00eds, como el establecimiento arrocero San Carlos y el plan de valorizaci\u00f3n de biomasas con producci\u00f3n.La comisi\u00f3n de Econom\u00edas y Desarrollo Regional prev\u00e9 realizar una segunda reuni\u00f3n informativa el pr\u00f3ximo martes 4 de octubre, para finalizar el diagn\u00f3stico de situaci\u00f3n y luego convocar a una reuni\u00f3n de comisi\u00f3n de trabajo conjunto para delinear un proyecto de ley que sintetice las demandas surgidas de este diagn\u00f3stico.<\/p>\n","protected":false},"excerpt":{"rendered":"<p>La comisi\u00f3n de Econom\u00edas y Desarrollo Regional de la HCDN, presidida por el diputado formose\u00f1o, Ramiro Fern\u00e1ndez Patri, se reuni\u00f3 ayer por la tarde\u00a0 tarde, para realizar unas jornadas sobre el estado de situaci\u00f3n de las Econom\u00edas Regionales y sus potencialidades. El objetivo de la reuni\u00f3n es conocer la situaci\u00f3n productiva y comercial de las [&hellip;]<\/p>\n","protected":false},"author":2,"featured_media":40473,"comment_status":"open","ping_status":"open","sticky":false,"template":"","format":"standard","meta":{"_et_pb_use_builder":"","_et_pb_old_content":"","_et_gb_content_width":"","footnotes":""},"categories":[11,33],"tags":[],"class_list":["post-40472","post","type-post","status-publish","format-standard","has-post-thumbnail","hentry","category-ciudad","category-sociedad-y-cultura-2"],"_links":{"self":[{"href":"https:\/\/vocesdebaires.com.ar\/index.php\/wp-json\/wp\/v2\/posts\/40472"}],"collection":[{"href":"https:\/\/vocesdebaires.com.ar\/index.php\/wp-json\/wp\/v2\/posts"}],"about":[{"href":"https:\/\/vocesdebaires.com.ar\/index.php\/wp-json\/wp\/v2\/types\/post"}],"author":[{"embeddable":true,"href":"https:\/\/vocesdebaires.com.ar\/index.php\/wp-json\/wp\/v2\/users\/2"}],"replies":[{"embeddable":true,"href":"https:\/\/vocesdebaires.com.ar\/index.php\/wp-json\/wp\/v2\/comments?post=40472"}],"version-history":[{"count":2,"href":"https:\/\/vocesdebaires.com.ar\/index.php\/wp-json\/wp\/v2\/posts\/40472\/revisions"}],"predecessor-version":[{"id":40475,"href":"https:\/\/vocesdebaires.com.ar\/index.php\/wp-json\/wp\/v2\/posts\/40472\/revisions\/40475"}],"wp:featuredmedia":[{"embeddable":true,"href":"https:\/\/vocesdebaires.com.ar\/index.php\/wp-json\/wp\/v2\/media\/40473"}],"wp:attachment":[{"href":"https:\/\/vocesdebaires.com.ar\/index.php\/wp-json\/wp\/v2\/media?parent=40472"}],"wp:term":[{"taxonomy":"category","embeddable":true,"href":"https:\/\/vocesdebaires.com.ar\/index.php\/wp-json\/wp\/v2\/categories?post=40472"},{"taxonomy":"post_tag","embeddable":true,"href":"https:\/\/vocesdebaires.com.ar\/index.php\/wp-json\/wp\/v2\/tags?post=40472"}],"curies":[{"name":"wp","href":"https:\/\/api.w.org\/{rel}","templated":true}]}}