{"id":40479,"date":"2022-09-21T00:00:12","date_gmt":"2022-09-21T03:00:12","guid":{"rendered":"https:\/\/vocesdebaires.com.ar\/?p=40479"},"modified":"2022-09-20T23:25:06","modified_gmt":"2022-09-21T02:25:06","slug":"ofreceran-mas-de-300-vacantes-laborales-exclusivas-para-mujeres","status":"publish","type":"post","link":"https:\/\/vocesdebaires.com.ar\/index.php\/2022\/09\/21\/ofreceran-mas-de-300-vacantes-laborales-exclusivas-para-mujeres\/","title":{"rendered":"Ofrecer\u00e1n: M\u00e1s de 300 vacantes laborales exclusivas para mujeres"},"content":{"rendered":"<p>El pr\u00f3ximo 21 de septiembre, el Gobierno de la Ciudad presenta la segunda edici\u00f3n del a\u00f1o de Expo Empleo Barrial destinada exclusivamente a las mujeres. Se trata de una iniciativa organizada por el Ministerio de Desarrollo Econ\u00f3mico y Producci\u00f3n a trav\u00e9s de la Subsecretar\u00eda de Trabajo, Industria y Comercio, en la que participar\u00e1n m\u00e1s de 20 empresas que ofrecer\u00e1n 300 vacantes laborales. Como respuesta a la dificultad a la que se enfrentan las mujeres a la hora insertarse al mercado laboral, esta edici\u00f3n estar\u00e1 dedicada exclusivamente a todas aquellas que est\u00e9n en b\u00fasqueda activa de empleo.<\/p>\n<p>El encuentro se desarrollar\u00e1 desde las 10 a las 14 h en el barrio porte\u00f1o de Balvanera. Las mujeres que deseen participar deber\u00e1n pre-inscribirse en el formulario. La confirmaci\u00f3n y datos espec\u00edficos se enviar\u00e1n por mail teniendo en consideraci\u00f3n la capacidad del lugar y los perfiles de las candidatas. \u201cDesde el gobierno, trabajamos articulando con el sector privado para generar m\u00e1s y mejores oportunidades de empleo\u201d, afirm\u00f3 Jos\u00e9 Luis Giusti, ministro de Desarrollo Econ\u00f3mico y Producci\u00f3n. Y agreg\u00f3: \u201cNuestro compromiso es firme.<\/p>\n<p>Brindar oportunidades y acompa\u00f1amiento a nuestras vecinas es uno de los pilares m\u00e1s importantes para desarrollar un mercado laboral m\u00e1s igualitario en una Ciudad con cada vez m\u00e1s inclusi\u00f3n\u201d.Por su parte, el subsecretario de Trabajo, Industria y Comercio, Ezequiel Jarvis, detall\u00f3: \u201cEstamos muy contentos de invitar, una vez m\u00e1s, a todas aquellas mujeres que est\u00e9n buscando nuevas oportunidades laborales. Queremos igualar oportunidades y reducir cada d\u00eda m\u00e1s la brecha laboral por g\u00e9nero\u201d. Durante toda la jornada las participantes tendr\u00e1n la posibilidad de acercarse a los diferentes stands para conocer las propuestas de trabajo.<\/p>\n<p><strong>Algunas de las empresas que participar\u00e1n en esta s\u00e9ptima edici\u00f3n son:<\/strong> Hospital Alem\u00e1n, Rapanui, Inversor Global, La F\u00e1brica del Taco, Loginter, Universal Traslados Ejecutivos, Grupo L, Estrategia Laboral, Degasa, Verisure, Le Pain Quotidien, Grupo Ceta, Hunting IT, Cat Technologies, Grupo Jaka, Burger King, Activo Contact Center, Mostaza, Pullmen y Acceda, entre otras. La Expo Empleo Barrial es una iniciativa que se lleva adelante desde el a\u00f1o 2017 en los diferentes barrios porte\u00f1os. Las ediciones anteriores de 2022 se desarrollaron en los barrios porte\u00f1os de: Caballito, Almagro, Parque Avellaneda, Parque Patricios, Flores y Monserrat.<\/p>\n<p>Se trata de un servicio de intermediaci\u00f3n laboral entre los vecinos y vecinas que est\u00e1n buscando trabajo y las empresas del sector privado que cuentan con vacantes laborales. Por su parte, la Ciudad acompa\u00f1a el proceso para que todos los participantes puedan postularse en las b\u00fasquedas que les interese. Con el fin de generar oportunidades concretas y favorables para ambas partes, el equipo de la Subsecretar\u00eda de Trabajo, Industria y Comercio realizar\u00e1 una pre-evaluaci\u00f3n buscando convocar el d\u00eda del encuentro a aquellas vecinas cuyos perfiles laborales se ajusten a las vacantes ofrecidas. La confirmaci\u00f3n se realizar\u00e1 por mail y all\u00ed se detallar\u00e1 la locaci\u00f3n y el horario espec\u00edfico de asistencia.<\/p>\n<p>La pre-inscripci\u00f3n a\u00fan se encuentra abierta y se realiza a trav\u00e9s del siguiente link: https:\/\/www.formulariosgcba.gob.ar\/B8mAWkN7WREM1E0D9Pze\/canal\/difusion<\/p>\n","protected":false},"excerpt":{"rendered":"<p>El pr\u00f3ximo 21 de septiembre, el Gobierno de la Ciudad presenta la segunda edici\u00f3n del a\u00f1o de Expo Empleo Barrial destinada exclusivamente a las mujeres. Se trata de una iniciativa organizada por el Ministerio de Desarrollo Econ\u00f3mico y Producci\u00f3n a trav\u00e9s de la Subsecretar\u00eda de Trabajo, Industria y Comercio, en la que participar\u00e1n m\u00e1s de [&hellip;]<\/p>\n","protected":false},"author":2,"featured_media":40480,"comment_status":"open","ping_status":"open","sticky":false,"template":"","format":"standard","meta":{"_et_pb_use_builder":"","_et_pb_old_content":"","_et_gb_content_width":"","footnotes":""},"categories":[11,33],"tags":[],"class_list":["post-40479","post","type-post","status-publish","format-standard","has-post-thumbnail","hentry","category-ciudad","category-sociedad-y-cultura-2"],"_links":{"self":[{"href":"https:\/\/vocesdebaires.com.ar\/index.php\/wp-json\/wp\/v2\/posts\/40479"}],"collection":[{"href":"https:\/\/vocesdebaires.com.ar\/index.php\/wp-json\/wp\/v2\/posts"}],"about":[{"href":"https:\/\/vocesdebaires.com.ar\/index.php\/wp-json\/wp\/v2\/types\/post"}],"author":[{"embeddable":true,"href":"https:\/\/vocesdebaires.com.ar\/index.php\/wp-json\/wp\/v2\/users\/2"}],"replies":[{"embeddable":true,"href":"https:\/\/vocesdebaires.com.ar\/index.php\/wp-json\/wp\/v2\/comments?post=40479"}],"version-history":[{"count":1,"href":"https:\/\/vocesdebaires.com.ar\/index.php\/wp-json\/wp\/v2\/posts\/40479\/revisions"}],"predecessor-version":[{"id":40481,"href":"https:\/\/vocesdebaires.com.ar\/index.php\/wp-json\/wp\/v2\/posts\/40479\/revisions\/40481"}],"wp:featuredmedia":[{"embeddable":true,"href":"https:\/\/vocesdebaires.com.ar\/index.php\/wp-json\/wp\/v2\/media\/40480"}],"wp:attachment":[{"href":"https:\/\/vocesdebaires.com.ar\/index.php\/wp-json\/wp\/v2\/media?parent=40479"}],"wp:term":[{"taxonomy":"category","embeddable":true,"href":"https:\/\/vocesdebaires.com.ar\/index.php\/wp-json\/wp\/v2\/categories?post=40479"},{"taxonomy":"post_tag","embeddable":true,"href":"https:\/\/vocesdebaires.com.ar\/index.php\/wp-json\/wp\/v2\/tags?post=40479"}],"curies":[{"name":"wp","href":"https:\/\/api.w.org\/{rel}","templated":true}]}}