{"id":4048,"date":"2019-01-15T03:00:00","date_gmt":"2019-01-15T06:00:00","guid":{"rendered":"http:\/\/vocesdebaires.com.ar\/wordpress\/index.php\/2019\/01\/15\/mar-del-plata-teatro-colon-y-sus-muestra\/"},"modified":"2019-01-15T03:00:00","modified_gmt":"2019-01-15T06:00:00","slug":"mar-del-plata-teatro-colon-y-sus-muestra","status":"publish","type":"post","link":"https:\/\/vocesdebaires.com.ar\/index.php\/2019\/01\/15\/mar-del-plata-teatro-colon-y-sus-muestra\/","title":{"rendered":"Mar del Plata: Teatro Col\u00f3n y sus muestra"},"content":{"rendered":"<p>Desde las coronas del ballet La Viuda Alegre hasta decorados de distintas \u00f3peras, como La Boh\u00e9me, A\u00edda y P\u00e9lleas et Melisande, entre otras, forman parte de la muestra Experiencia Col\u00f3n, que inaugur\u00f3 en el Teatro Tronador de Mar del Plata.Dividida en dos plantas, los visitantes pueden apreciar y conocer de cerca los elementos que hacen a la conformaci\u00f3n esc\u00e9nica de \u00f3pera y ballet sobre el escenario de nuestro primer coliseo. La exposici\u00f3n incluye una exquisita selecci\u00f3n de m\u00e1s de 70 piezas de vestuario, zapater\u00eda y utiler\u00eda de diferentes t\u00edtulos y temporadas. La muestra est\u00e1 abierta todos los d\u00edas, de 18 a 21, hasta el 28 de febrero, con entrada gratuita Los d\u00edas de lluvia, abre m\u00e1s temprano: a las 16.<\/p>\n<p>Todos los elementos expuestos permiten conocer de cera los dise\u00f1os que se fabrican a mano en los talleres del teatro para las distintas obras que se presentan en su escenario. El Teatro Tronador de Mar del Plata (Santiago del Estero 1746), es la primera subsede externa del Instituto Superior de Arte del Teatro Col\u00f3n (ISATC).Distintas autoridades estuvieron presentes como el Ministro de Cultura de la provincia de Buenos Aires Alejandro G\u00f3mez; la Directora General del Teatro Col\u00f3n, Mar\u00eda Victoria Alcaraz; Marcelo Gonz\u00e1lez responsable del Teatro Tronador, junto a diversas personalidades de la cultura argentina como Nacha Guevara, Zulma Faiad, Nito Artaza, Miguel \u00c1ngel Cherutti, Soledad Silveyra, Marcelo Polino y Facundo Arana, entre muchos otros.<\/p>\n<p>En la inauguraci\u00f3n de la exposici\u00f3n, Mar\u00eda Victoria Alcaraz, Directora General del Teatro Col\u00f3n, expres\u00f3: \u201cTodos los marplatenses y turistas que est\u00e9n recorriendo la Ciudad de Mar del Plata durante este verano podr\u00e1n acceder a las instalaciones del Teatro Tronador en donde tambi\u00e9n funciona la primera subsede fuera de la Ciudad de Buenos Aires del Instituto Superior de Arte del Teatro Col\u00f3n. La intenci\u00f3n es que se acerquen para compartir \u00e9stos preciados elementos que le dan magia y valor a nuestras presentaciones. Esto que est\u00e1 pasando entre el Teatro Col\u00f3n y el Teatro Tronador es muy importante ya que es una puerta para que nuestro teatro pueda lucirse por fuera de la Ciudad de Buenos Aires y mostrar todas las bellezas que se hacen. Es un muy buen ejemplo de c\u00f3mo los argentinos podemos sacar adelante proyectos sumando lo p\u00fablico y privado\u201d.<\/p>\n","protected":false},"excerpt":{"rendered":"<p>Desde las coronas del ballet La Viuda Alegre hasta decorados de distintas \u00f3peras, como La Boh\u00e9me, A\u00edda y P\u00e9lleas et Melisande, entre otras, forman parte de la muestra Experiencia Col\u00f3n, que inaugur\u00f3 en el Teatro Tronador de Mar del Plata.Dividida en dos plantas, los visitantes pueden apreciar y conocer de cerca los elementos que hacen [&hellip;]<\/p>\n","protected":false},"author":1,"featured_media":4049,"comment_status":"open","ping_status":"open","sticky":false,"template":"","format":"standard","meta":{"_et_pb_use_builder":"","_et_pb_old_content":"","_et_gb_content_width":"","footnotes":""},"categories":[35,13],"tags":[],"class_list":["post-4048","post","type-post","status-publish","format-standard","has-post-thumbnail","hentry","category-gobierno","category-provincia"],"_links":{"self":[{"href":"https:\/\/vocesdebaires.com.ar\/index.php\/wp-json\/wp\/v2\/posts\/4048"}],"collection":[{"href":"https:\/\/vocesdebaires.com.ar\/index.php\/wp-json\/wp\/v2\/posts"}],"about":[{"href":"https:\/\/vocesdebaires.com.ar\/index.php\/wp-json\/wp\/v2\/types\/post"}],"author":[{"embeddable":true,"href":"https:\/\/vocesdebaires.com.ar\/index.php\/wp-json\/wp\/v2\/users\/1"}],"replies":[{"embeddable":true,"href":"https:\/\/vocesdebaires.com.ar\/index.php\/wp-json\/wp\/v2\/comments?post=4048"}],"version-history":[{"count":0,"href":"https:\/\/vocesdebaires.com.ar\/index.php\/wp-json\/wp\/v2\/posts\/4048\/revisions"}],"wp:featuredmedia":[{"embeddable":true,"href":"https:\/\/vocesdebaires.com.ar\/index.php\/wp-json\/wp\/v2\/media\/4049"}],"wp:attachment":[{"href":"https:\/\/vocesdebaires.com.ar\/index.php\/wp-json\/wp\/v2\/media?parent=4048"}],"wp:term":[{"taxonomy":"category","embeddable":true,"href":"https:\/\/vocesdebaires.com.ar\/index.php\/wp-json\/wp\/v2\/categories?post=4048"},{"taxonomy":"post_tag","embeddable":true,"href":"https:\/\/vocesdebaires.com.ar\/index.php\/wp-json\/wp\/v2\/tags?post=4048"}],"curies":[{"name":"wp","href":"https:\/\/api.w.org\/{rel}","templated":true}]}}