{"id":40482,"date":"2022-09-21T00:00:04","date_gmt":"2022-09-21T03:00:04","guid":{"rendered":"https:\/\/vocesdebaires.com.ar\/?p=40482"},"modified":"2022-09-20T23:30:31","modified_gmt":"2022-09-21T02:30:31","slug":"sobre-el-discurso-del-presidente-en-la-asamblea-general-de-la-onu","status":"publish","type":"post","link":"https:\/\/vocesdebaires.com.ar\/index.php\/2022\/09\/21\/sobre-el-discurso-del-presidente-en-la-asamblea-general-de-la-onu\/","title":{"rendered":"Sobre el discurso del presidente en la Asamblea General de la ONU"},"content":{"rendered":"<p>Ante el discurso pronunciado hoy en la ciudad de Nueva York, por el presidente de la Naci\u00f3n Alberto Fern\u00e1ndez, en la 77\u00aa Asamblea General de las Naciones Unidas (ONU), las autoridades de AMIA califican como positiva e ineludible la menci\u00f3n que el mandatario argentino realiz\u00f3 para exigir que la Rep\u00fablica Isl\u00e1mica de Ir\u00e1n colabore con la justicia local para enjuiciar y condenar a los responsables del atentado terrorista perpetrado el 18 de julio de 1994. En l\u00ednea con el reclamo sostenido por AMIA a lo largo de 28 a\u00f1os, la apelaci\u00f3n a la comunidad internacional insta a los pa\u00edses para que cooperen y cumplan con las \u00f3rdenes de captura dictadas por INTERPOL, para lograr que los responsables del ataque comparezcan en los tribunales argentinos.<\/p>\n<p>Para la instituci\u00f3n resulta de vital importancia que en un foro de m\u00e1xima trascendencia como la ONU se haya reclamado una vez m\u00e1s expresamente, para poder avanzar en el total esclarecimiento del peor atentado terrorista que sufri\u00f3 nuestro pa\u00eds, y en el juzgamiento de sus culpables. La cooperaci\u00f3n internacional es clave para detectar a tiempo los viajes fuera de sus pa\u00edses de origen que los acusados iran\u00edes y libaneses realizan sin ser detenidos o extraditados, a pesar de los pedidos de captura que pesan sobre ellos.<\/p>\n<p>La repudiable presencia de Mohsen Rezai, uno de los acusados por la justicia argentina, en el acto de reasunci\u00f3n del presidente de Nicaragua Daniel Ortega que se realiz\u00f3 en el mes de enero pasado en la ciudad de Managua, es un agraviante ejemplo de aquello que no puede repetirse. Cabe recordar que la investigaci\u00f3n judicial identific\u00f3 a los responsables del atentado a la AMIA. Se encuentra probada la responsabilidad intelectual y material del ataque terrorista por parte de ciudadanos y funcionarios de la Rep\u00fablica Isl\u00e1mica de Ir\u00e1n, y de la agrupaci\u00f3n terrorista Hezbollah.<\/p>\n<p>Estas acusaciones han sido convalidadas, en reiteradas oportunidades, por INTERPOL que -a su vez- ha establecido la m\u00e1xima prioridad para estos pedidos de captura, y emiti\u00f3 alertas rojas para los mismos. A 28 a\u00f1os del atentado contra su sede, AMIA reitera su irrenunciable compromiso con la b\u00fasqueda de Justicia y con el reclamo para que los responsables del crimen de lesa humanidad ejecutado, en el que fueron asesinadas 85 personas y m\u00e1s de 300 resultaron heridas, sean juzgados con las garant\u00edas constitucionales que establece la ley argentina.<\/p>\n","protected":false},"excerpt":{"rendered":"<p>Ante el discurso pronunciado hoy en la ciudad de Nueva York, por el presidente de la Naci\u00f3n Alberto Fern\u00e1ndez, en la 77\u00aa Asamblea General de las Naciones Unidas (ONU), las autoridades de AMIA califican como positiva e ineludible la menci\u00f3n que el mandatario argentino realiz\u00f3 para exigir que la Rep\u00fablica Isl\u00e1mica de Ir\u00e1n colabore con [&hellip;]<\/p>\n","protected":false},"author":2,"featured_media":40483,"comment_status":"open","ping_status":"open","sticky":false,"template":"","format":"standard","meta":{"_et_pb_use_builder":"","_et_pb_old_content":"","_et_gb_content_width":"","footnotes":""},"categories":[11,33],"tags":[],"class_list":["post-40482","post","type-post","status-publish","format-standard","has-post-thumbnail","hentry","category-ciudad","category-sociedad-y-cultura-2"],"_links":{"self":[{"href":"https:\/\/vocesdebaires.com.ar\/index.php\/wp-json\/wp\/v2\/posts\/40482"}],"collection":[{"href":"https:\/\/vocesdebaires.com.ar\/index.php\/wp-json\/wp\/v2\/posts"}],"about":[{"href":"https:\/\/vocesdebaires.com.ar\/index.php\/wp-json\/wp\/v2\/types\/post"}],"author":[{"embeddable":true,"href":"https:\/\/vocesdebaires.com.ar\/index.php\/wp-json\/wp\/v2\/users\/2"}],"replies":[{"embeddable":true,"href":"https:\/\/vocesdebaires.com.ar\/index.php\/wp-json\/wp\/v2\/comments?post=40482"}],"version-history":[{"count":1,"href":"https:\/\/vocesdebaires.com.ar\/index.php\/wp-json\/wp\/v2\/posts\/40482\/revisions"}],"predecessor-version":[{"id":40484,"href":"https:\/\/vocesdebaires.com.ar\/index.php\/wp-json\/wp\/v2\/posts\/40482\/revisions\/40484"}],"wp:featuredmedia":[{"embeddable":true,"href":"https:\/\/vocesdebaires.com.ar\/index.php\/wp-json\/wp\/v2\/media\/40483"}],"wp:attachment":[{"href":"https:\/\/vocesdebaires.com.ar\/index.php\/wp-json\/wp\/v2\/media?parent=40482"}],"wp:term":[{"taxonomy":"category","embeddable":true,"href":"https:\/\/vocesdebaires.com.ar\/index.php\/wp-json\/wp\/v2\/categories?post=40482"},{"taxonomy":"post_tag","embeddable":true,"href":"https:\/\/vocesdebaires.com.ar\/index.php\/wp-json\/wp\/v2\/tags?post=40482"}],"curies":[{"name":"wp","href":"https:\/\/api.w.org\/{rel}","templated":true}]}}