{"id":40490,"date":"2022-09-22T00:22:33","date_gmt":"2022-09-22T03:22:33","guid":{"rendered":"https:\/\/vocesdebaires.com.ar\/?p=40490"},"modified":"2022-09-22T00:22:33","modified_gmt":"2022-09-22T03:22:33","slug":"ciudadcontinua-la-celebracion-de-los-10-anos-de-innova","status":"publish","type":"post","link":"https:\/\/vocesdebaires.com.ar\/index.php\/2022\/09\/22\/ciudadcontinua-la-celebracion-de-los-10-anos-de-innova\/","title":{"rendered":"Ciudad:Contin\u00faa la celebraci\u00f3n de los 10 a\u00f1os de Innova"},"content":{"rendered":"<p>El Ministerio de Educaci\u00f3n de la Ciudad organiza Innova, el festival educativo que se realiza desde 2012 y que tiene por objetivo conectar a estudiantes, docentes, familias y vecinos con nuevas formas de aprender.Este a\u00f1o, Innova volvi\u00f3 a la Plaza Dr. Benjam\u00edn A. Gould, el parque exterior del Planetario Galileo Galilei. Hasta el viernes hay visitas escolares, mientras que el s\u00e1bado y el domingo estar\u00e1 abierto para todo el p\u00fablico. Adem\u00e1s de los talleres e instalaciones con propuestas sobre tecnolog\u00eda, ciencia y sustentabilidad destinadas a escuelas de los niveles Primario y Secundario, en Innova se puede interactuar con la rob\u00f3tica, drones, realidad virtual y disfrutar de espect\u00e1culos dentro y fuera del Planetario.<\/p>\n<p>En el marco de este evento se lleva a cabo la 57\u00b0 edici\u00f3n de la Feria de Educaci\u00f3n, Artes, Ciencia y Tecnolog\u00eda, en la cual las escuelas de la Ciudad, tanto de gesti\u00f3n estatal como privada, presentan m\u00e1s de 180 proyectos que trabajaron en las aulas durante el a\u00f1o. El fin de semana, de 12 a 18 horas, habr\u00e1 entrada libre y gratuita para todas las familias de la Ciudad, celebrando los 10 a\u00f1os del festival educativo, y as\u00ed disfrutar de los stands, shows y la variedad de ofertas gastron\u00f3micas de las Ferias de la Ciudad.<\/p>\n","protected":false},"excerpt":{"rendered":"<p>El Ministerio de Educaci\u00f3n de la Ciudad organiza Innova, el festival educativo que se realiza desde 2012 y que tiene por objetivo conectar a estudiantes, docentes, familias y vecinos con nuevas formas de aprender.Este a\u00f1o, Innova volvi\u00f3 a la Plaza Dr. Benjam\u00edn A. Gould, el parque exterior del Planetario Galileo Galilei. Hasta el viernes hay [&hellip;]<\/p>\n","protected":false},"author":2,"featured_media":40491,"comment_status":"open","ping_status":"open","sticky":false,"template":"","format":"standard","meta":{"_et_pb_use_builder":"","_et_pb_old_content":"","_et_gb_content_width":"","footnotes":""},"categories":[11,33],"tags":[],"class_list":["post-40490","post","type-post","status-publish","format-standard","has-post-thumbnail","hentry","category-ciudad","category-sociedad-y-cultura-2"],"_links":{"self":[{"href":"https:\/\/vocesdebaires.com.ar\/index.php\/wp-json\/wp\/v2\/posts\/40490"}],"collection":[{"href":"https:\/\/vocesdebaires.com.ar\/index.php\/wp-json\/wp\/v2\/posts"}],"about":[{"href":"https:\/\/vocesdebaires.com.ar\/index.php\/wp-json\/wp\/v2\/types\/post"}],"author":[{"embeddable":true,"href":"https:\/\/vocesdebaires.com.ar\/index.php\/wp-json\/wp\/v2\/users\/2"}],"replies":[{"embeddable":true,"href":"https:\/\/vocesdebaires.com.ar\/index.php\/wp-json\/wp\/v2\/comments?post=40490"}],"version-history":[{"count":1,"href":"https:\/\/vocesdebaires.com.ar\/index.php\/wp-json\/wp\/v2\/posts\/40490\/revisions"}],"predecessor-version":[{"id":40492,"href":"https:\/\/vocesdebaires.com.ar\/index.php\/wp-json\/wp\/v2\/posts\/40490\/revisions\/40492"}],"wp:featuredmedia":[{"embeddable":true,"href":"https:\/\/vocesdebaires.com.ar\/index.php\/wp-json\/wp\/v2\/media\/40491"}],"wp:attachment":[{"href":"https:\/\/vocesdebaires.com.ar\/index.php\/wp-json\/wp\/v2\/media?parent=40490"}],"wp:term":[{"taxonomy":"category","embeddable":true,"href":"https:\/\/vocesdebaires.com.ar\/index.php\/wp-json\/wp\/v2\/categories?post=40490"},{"taxonomy":"post_tag","embeddable":true,"href":"https:\/\/vocesdebaires.com.ar\/index.php\/wp-json\/wp\/v2\/tags?post=40490"}],"curies":[{"name":"wp","href":"https:\/\/api.w.org\/{rel}","templated":true}]}}