{"id":4050,"date":"2019-01-14T03:00:00","date_gmt":"2019-01-14T06:00:00","guid":{"rendered":"http:\/\/vocesdebaires.com.ar\/wordpress\/index.php\/2019\/01\/14\/ciudad-reabrio-el-centro-cultural-recoleta\/"},"modified":"2019-01-14T03:00:00","modified_gmt":"2019-01-14T06:00:00","slug":"ciudad-reabrio-el-centro-cultural-recoleta","status":"publish","type":"post","link":"https:\/\/vocesdebaires.com.ar\/index.php\/2019\/01\/14\/ciudad-reabrio-el-centro-cultural-recoleta\/","title":{"rendered":"Ciudad reabri\u00f3 el Centro Cultural Recoleta"},"content":{"rendered":"<p>El jefe de Gobierno porte\u00f1o, Horacio Rodr\u00edguez Larreta, particip\u00f3 este jueves de la reapertura del Centro Cultural Recoleta, que tendr\u00e1 instalaciones m\u00e1s amplias y nuevas tecnolog\u00edas para los m\u00e1s j\u00f3venes. &quot;Queremos que \u00e9ste sea el lugar de ellos, de los j\u00f3venes&quot;, expres\u00f3 Rodr\u00edguez Larreta. El Centro Cultural Recoleta es uno de los complejos culturales m\u00e1s importantes de la Ciudad, con un promedio de casi 800.000 visitantes anuales entre porte\u00f1os, turistas y vecinos de todo el pa\u00eds, de entre los cuales el 70% est\u00e1 compuesto por j\u00f3venes de entre 18 y 35 a\u00f1os. Adem\u00e1s, el Jefe de Gobierno porte\u00f1o indic\u00f3 que &quot;el Centro Cultural Recoleta es una parte muy importante de la movida cultural de la Ciudad&quot;, y agreg\u00f3: &quot;Para nosotros es una gran prioridad&quot;.<\/p>\n<p>&quot;Nos propusimos recuperarlo y ponerlo en valor. Siempre cre\u00ed que se iba a hacer y el gran desaf\u00edo ahora es mantener este clima de buena onda que hay hoy durante todo el a\u00f1o&quot;, sostuvo. De la actividad tambi\u00e9n participaron el jefe de Gabinete, Felipe Miguel; el ministro de Cultura, Enrique Avogadro; el ministro de Desarrollo Urbano y Transporte, Franco Moccia; y la subsecretaria de Pol\u00edticas Culturales y Nuevas Audiencias, Luciana Blasco.Avogadro dijo que &quot;\u00e9ste es un espacio de enorme tradici\u00f3n&quot;, y apunt\u00f3: \u201cBuscamos que los j\u00f3venes sean los protagonistas\u201d.&quot;Tambi\u00e9n queremos que haya nuevos creadores y nuevos p\u00fablicos. Estamos escribiendo historia: la historia del arte, de la creaci\u00f3n y de la creatividad se escribe hoy para el futuro&quot;, manifest\u00f3 el ministro de Cultura.<\/p>\n<p>En tanto, Blasco asegur\u00f3: &quot;Para m\u00ed fue conmovedor ver c\u00f3mo todo el mundo, productores, curadores, arquitectos, abogados, ingenieros y artistas, trabajaron en estos d\u00edas para esto&quot;. La obra se dividi\u00f3 en dos etapas. En la primera se pusieron en valor la Recova y los edificios Cronopios, Aleph, Hotel y Patio del Tanque, mientras que en la segunda se mejor\u00f3 la fachada del edificio, as\u00ed como su estructura y patios internos.De esta manera se ampliaron las salas de exposici\u00f3n, las oficinas y los sanitarios. Tambi\u00e9n se construyeron nuevos vestuarios para el personal y se facilit\u00f3 la accesibilidad para personas con movilidad reducida.Del mismo modo se realizaron nuevas instalaciones el\u00e9ctricas, se agreg\u00f3 iluminaci\u00f3n con tecnolog\u00eda LED en todo el edificio y se impermeabilizaron las azoteas.<\/p>\n<p>Adem\u00e1s, la puesta en valor incorpor\u00f3 700 metros cuadrados para actividades culturales, creando nuevos espacios exclusivos para las distintas escenas que conviven en la programaci\u00f3n: Espacio Cultural Hip Hop, Espacio Clave 13\/17, Sala de dibujo, La Tienda, Sala de Estudio, Espacio de Ocio y Hall de entrada. Inaugurado como iglesia y convento en 1732, el edificio funcion\u00f3 a lo largo del tiempo como academia de dibujo, escuela de agricultura, jard\u00edn bot\u00e1nico, prisi\u00f3n, y asilo de mendigos y de ancianos. Actualmente es una de las construcciones m\u00e1s antiguas de Buenos Aires.<\/p>\n<p>Fotos de Guillermo Viana \/ GCBA<br \/>Centro Cultural Recoleta<\/p>\n","protected":false},"excerpt":{"rendered":"<p>El jefe de Gobierno porte\u00f1o, Horacio Rodr\u00edguez Larreta, particip\u00f3 este jueves de la reapertura del Centro Cultural Recoleta, que tendr\u00e1 instalaciones m\u00e1s amplias y nuevas tecnolog\u00edas para los m\u00e1s j\u00f3venes. &quot;Queremos que \u00e9ste sea el lugar de ellos, de los j\u00f3venes&quot;, expres\u00f3 Rodr\u00edguez Larreta. El Centro Cultural Recoleta es uno de los complejos culturales m\u00e1s [&hellip;]<\/p>\n","protected":false},"author":1,"featured_media":4051,"comment_status":"open","ping_status":"open","sticky":false,"template":"","format":"standard","meta":{"_et_pb_use_builder":"","_et_pb_old_content":"","_et_gb_content_width":"","footnotes":""},"categories":[11,32],"tags":[],"class_list":["post-4050","post","type-post","status-publish","format-standard","has-post-thumbnail","hentry","category-ciudad","category-comunas"],"_links":{"self":[{"href":"https:\/\/vocesdebaires.com.ar\/index.php\/wp-json\/wp\/v2\/posts\/4050"}],"collection":[{"href":"https:\/\/vocesdebaires.com.ar\/index.php\/wp-json\/wp\/v2\/posts"}],"about":[{"href":"https:\/\/vocesdebaires.com.ar\/index.php\/wp-json\/wp\/v2\/types\/post"}],"author":[{"embeddable":true,"href":"https:\/\/vocesdebaires.com.ar\/index.php\/wp-json\/wp\/v2\/users\/1"}],"replies":[{"embeddable":true,"href":"https:\/\/vocesdebaires.com.ar\/index.php\/wp-json\/wp\/v2\/comments?post=4050"}],"version-history":[{"count":0,"href":"https:\/\/vocesdebaires.com.ar\/index.php\/wp-json\/wp\/v2\/posts\/4050\/revisions"}],"wp:featuredmedia":[{"embeddable":true,"href":"https:\/\/vocesdebaires.com.ar\/index.php\/wp-json\/wp\/v2\/media\/4051"}],"wp:attachment":[{"href":"https:\/\/vocesdebaires.com.ar\/index.php\/wp-json\/wp\/v2\/media?parent=4050"}],"wp:term":[{"taxonomy":"category","embeddable":true,"href":"https:\/\/vocesdebaires.com.ar\/index.php\/wp-json\/wp\/v2\/categories?post=4050"},{"taxonomy":"post_tag","embeddable":true,"href":"https:\/\/vocesdebaires.com.ar\/index.php\/wp-json\/wp\/v2\/tags?post=4050"}],"curies":[{"name":"wp","href":"https:\/\/api.w.org\/{rel}","templated":true}]}}