{"id":40501,"date":"2022-09-23T12:54:04","date_gmt":"2022-09-23T15:54:04","guid":{"rendered":"https:\/\/vocesdebaires.com.ar\/?p=40501"},"modified":"2022-09-23T13:00:36","modified_gmt":"2022-09-23T16:00:36","slug":"se-nos-fue-una-excelente-persona-y-un-gran-actor-carlitos-bla","status":"publish","type":"post","link":"https:\/\/vocesdebaires.com.ar\/index.php\/2022\/09\/23\/se-nos-fue-una-excelente-persona-y-un-gran-actor-carlitos-bla\/","title":{"rendered":"Se nos fue una Excelente persona y un gran Actor  Carlitos Bal\u00e1"},"content":{"rendered":"<p>Carlos Salin Bala\u00e1 naci\u00f3 el 13 de agosto de 1925 en el barrio de Chacarita. Su pap\u00e1 Mustaf\u00e1 era un inmigrante llegado de Damasco que ten\u00eda una carnicer\u00eda. En el local, Carlitos sol\u00eda inventar obritas de teatro que representaban figuras de papel en escenarios hechos con cajones de verdura. Sus amigos amaban sus chistes. Quiz\u00e1 por eso uno de ellos lo incentiv\u00f3 a realizar una prueba para el programa \u00e9xito de la \u00e9poca: La revista dislocada. Carlitos se anim\u00f3 a hacerla con el seud\u00f3nimo \u201cCarlitos Valdez\u201d. Cuando su voz sali\u00f3 por la radio su padre no lo reconoci\u00f3, entonces Carlitos Valdez le dio paso a Carlitos Bal\u00e1.<\/p>\n<p>Ayer jueves lo internaron\u00a0 de urgencia a Carlitos Bal\u00e1\u00a0 y su estado era reservado. El actor de 97 a\u00f1os comenz\u00f3 a sentirse mal y su familia lo llev\u00f3 al Sanatorio G\u00fcemes. Si hay un artista que no tiene detractores y que todo el mundo ama, ese era\u00a0 Carlitos Bal\u00e1. Un actor de 97 a\u00f1os, que durante toda su carrera entretuvo a grandes y chicos, y desde ayer estaba\u00a0 atravesando un momento algo delicado de salud y por eso comenzaron a gestionarse desde las redes sociales cadenas de oraci\u00f3n. Pero hoy nos despertamos con la triste noticias que hab\u00eda fallecido Carlitos Bal\u00e1.<\/p>\n<p>Los restos de Carlos Salim Bala\u00e1\u00a0 \u00bb Carlitos Bal\u00e1\u00bb , ser\u00e1n velados en el edificio de la Legislatura de la Ciudad de Buenos Aires , el publico en general podr\u00e1 asistir en el horario de 14.30 a 21 horas e ingresara por Av. Julio A Roca 575 . En abril de 2017 , Carlitos Bal\u00e1\u00a0 fue Declarado Ciudadano Ilustre por la legislatura porte\u00f1a .<\/p>\n","protected":false},"excerpt":{"rendered":"<p>Carlos Salin Bala\u00e1 naci\u00f3 el 13 de agosto de 1925 en el barrio de Chacarita. Su pap\u00e1 Mustaf\u00e1 era un inmigrante llegado de Damasco que ten\u00eda una carnicer\u00eda. En el local, Carlitos sol\u00eda inventar obritas de teatro que representaban figuras de papel en escenarios hechos con cajones de verdura. Sus amigos amaban sus chistes. Quiz\u00e1 [&hellip;]<\/p>\n","protected":false},"author":2,"featured_media":40502,"comment_status":"open","ping_status":"open","sticky":false,"template":"","format":"standard","meta":{"_et_pb_use_builder":"","_et_pb_old_content":"","_et_gb_content_width":"","footnotes":""},"categories":[11,33],"tags":[],"class_list":["post-40501","post","type-post","status-publish","format-standard","has-post-thumbnail","hentry","category-ciudad","category-sociedad-y-cultura-2"],"_links":{"self":[{"href":"https:\/\/vocesdebaires.com.ar\/index.php\/wp-json\/wp\/v2\/posts\/40501"}],"collection":[{"href":"https:\/\/vocesdebaires.com.ar\/index.php\/wp-json\/wp\/v2\/posts"}],"about":[{"href":"https:\/\/vocesdebaires.com.ar\/index.php\/wp-json\/wp\/v2\/types\/post"}],"author":[{"embeddable":true,"href":"https:\/\/vocesdebaires.com.ar\/index.php\/wp-json\/wp\/v2\/users\/2"}],"replies":[{"embeddable":true,"href":"https:\/\/vocesdebaires.com.ar\/index.php\/wp-json\/wp\/v2\/comments?post=40501"}],"version-history":[{"count":4,"href":"https:\/\/vocesdebaires.com.ar\/index.php\/wp-json\/wp\/v2\/posts\/40501\/revisions"}],"predecessor-version":[{"id":40507,"href":"https:\/\/vocesdebaires.com.ar\/index.php\/wp-json\/wp\/v2\/posts\/40501\/revisions\/40507"}],"wp:featuredmedia":[{"embeddable":true,"href":"https:\/\/vocesdebaires.com.ar\/index.php\/wp-json\/wp\/v2\/media\/40502"}],"wp:attachment":[{"href":"https:\/\/vocesdebaires.com.ar\/index.php\/wp-json\/wp\/v2\/media?parent=40501"}],"wp:term":[{"taxonomy":"category","embeddable":true,"href":"https:\/\/vocesdebaires.com.ar\/index.php\/wp-json\/wp\/v2\/categories?post=40501"},{"taxonomy":"post_tag","embeddable":true,"href":"https:\/\/vocesdebaires.com.ar\/index.php\/wp-json\/wp\/v2\/tags?post=40501"}],"curies":[{"name":"wp","href":"https:\/\/api.w.org\/{rel}","templated":true}]}}