{"id":4052,"date":"2019-01-14T03:00:00","date_gmt":"2019-01-14T06:00:00","guid":{"rendered":"http:\/\/vocesdebaires.com.ar\/wordpress\/index.php\/2019\/01\/14\/verano-2019-musica-stand-up-y-cine\/"},"modified":"2019-01-14T03:00:00","modified_gmt":"2019-01-14T06:00:00","slug":"verano-2019-musica-stand-up-y-cine","status":"publish","type":"post","link":"https:\/\/vocesdebaires.com.ar\/index.php\/2019\/01\/14\/verano-2019-musica-stand-up-y-cine\/","title":{"rendered":"Verano 2019: m\u00fasica, stand up y cine"},"content":{"rendered":"<p>Las noches de verano se pueden disfrutar al aire libre con el Men\u00fa de Verano de los patios gastron\u00f3micos, que adem\u00e1s de comida ofrecen m\u00fasica, stand up y cine. Desde este viernes 11, y hasta el domingo 17 de febrero abrir\u00e1n sus puertas todos los viernes, s\u00e1bados y domingos, desde las 20, para que los vecinos puedan disfrutar en familia, con amigos o en pareja de recitales, espect\u00e1culos teatrales y pel\u00edculas cl\u00e1sicas.<\/p>\n<p>Men\u00fa de Verano est\u00e1 compuesto por dos propuestas:<\/p>\n<p>Antojo de Cine, con exitosas pel\u00edculas extranjeras y argentinas para toda la familia y Sur Tropical, m\u00fasica en vivo y shows de stand up. Los s\u00e1bados y domingos a las 21h Antojo de Cine presenta t\u00edtulos como El Potro, lo mejor del amor, Ready Player One y Yo Soy Sim\u00f3n, entre otros, en la Usina del Arte (Agust\u00edn R. Caffarena 1). En Sur Tropical se podr\u00e1 disfrutar de la mejor m\u00fasica en vivo junto con gastronom\u00eda callejera, los viernes y s\u00e1bados a las 21h habr\u00e1 diferentes propuestas en el Patio de los Lecheros (Bacacay y Av. Donato \u00c1lvarez). En el Patio Costanera Norte, los s\u00e1bados de 20 a 21.30h habr\u00e1 m\u00fasica en vivo y los domingos en el mismo horario, shows de stand up.<br \/>Programaci\u00f3n Sur Tropical<br \/>Patio de los Lecheros<\/p>\n<p>Viernes 11 a las 21: DJ Dany Bergman<\/p>\n<p>S\u00e1bado 12 a las 21: DJ Jupa<\/p>\n<p>Viernes 18 a las 21: DJ Sista V<\/p>\n<p>S\u00e1bado 19 a las 21: DJ Mica Towers<\/p>\n<p>Viernes 25 a las 21: DJ Gabo Rossi<\/p>\n<p>S\u00e1bado 26 a las 21: La Romi DJ<\/p>\n<p>Viernes 1 de febrero a las 21: DJ Lau Neve<\/p>\n<p>S\u00e1bado 2 a las 21: DJ Leo Jara<\/p>\n<p>Patio Costanera Norte<\/p>\n<p>S\u00e1bado 12 de 20 a 21.30: La Romi DJ<\/p>\n<p>Domingo 13 de 20 a 21.30: Show stand up<\/p>\n<p>S\u00e1bado 19 de 20 a 21.30: DJ Sneed &amp; Larsen<\/p>\n<p>Domingo 20 de 20 a 21.30: Show stand up<\/p>\n<p>S\u00e1bado 26 de 20 a 21.30: DJ Dyaneiro<\/p>\n<p>Domingo 27 de 20 a 21.30: Show stand up<\/p>\n<p>S\u00e1bado 2 de febrero de 20 a 21.30: DJ Damian Quillici<\/p>\n<p>Domingo 3 de 20 a 21.30: Show stand up <br \/>&#8212;&#8212;&#8212;&#8212;&#8212;&#8212;&#8212;&#8212;&#8212;&#8212;&#8212;&#8212;&#8212;&#8212;&#8212;&#8212;&#8212;&#8212;&#8212;&#8211;<br \/>Programaci\u00f3n Antojo de Cine<br \/>Usina del Arte<\/p>\n<p>S\u00e1bado 19 a las 21: El Cavern\u00edcola<\/p>\n<p>Domingo 20 a las 21: El Potro, lo mejor del amor<\/p>\n<p>S\u00e1bado 26 a las 21: J\u00f3venes Titanes en acci\u00f3n: La Pel\u00edcula<\/p>\n<p>Domingo 27 a las 21: Cumbia la Reina<\/p>\n<p>S\u00e1bado 9 de febrero a las 21: Yo soy Simon<\/p>\n<p>Domingo 10 a las 21: Alta cumbia, una pel\u00edcula de negros<\/p>\n<p>S\u00e1bado 16 a las 21: Ready Player One<\/p>\n<p>Domingo 17 a las 21: Gilda, no me arrepiento de este amor<\/p>\n<p>Men\u00fa de Verano es una propuesta conjunta de BA Capital Gastron\u00f3mica y del Ministerio de Cultura. Busca posicionar a la Ciudad de Buenos Aires como la capital gastron\u00f3mica de Am\u00e9rica Latina. A trav\u00e9s de cuatro ejes fundamentales de la alimentaci\u00f3n (conocer, comprar, cocinar y comer) tiene como objetivo impulsar el desarrollo gastron\u00f3mico a trav\u00e9s de la generaci\u00f3n de empleo y turismo.<\/p>\n","protected":false},"excerpt":{"rendered":"<p>Las noches de verano se pueden disfrutar al aire libre con el Men\u00fa de Verano de los patios gastron\u00f3micos, que adem\u00e1s de comida ofrecen m\u00fasica, stand up y cine. Desde este viernes 11, y hasta el domingo 17 de febrero abrir\u00e1n sus puertas todos los viernes, s\u00e1bados y domingos, desde las 20, para que los [&hellip;]<\/p>\n","protected":false},"author":1,"featured_media":4053,"comment_status":"open","ping_status":"open","sticky":false,"template":"","format":"standard","meta":{"_et_pb_use_builder":"","_et_pb_old_content":"","_et_gb_content_width":"","footnotes":""},"categories":[11,32],"tags":[],"class_list":["post-4052","post","type-post","status-publish","format-standard","has-post-thumbnail","hentry","category-ciudad","category-comunas"],"_links":{"self":[{"href":"https:\/\/vocesdebaires.com.ar\/index.php\/wp-json\/wp\/v2\/posts\/4052"}],"collection":[{"href":"https:\/\/vocesdebaires.com.ar\/index.php\/wp-json\/wp\/v2\/posts"}],"about":[{"href":"https:\/\/vocesdebaires.com.ar\/index.php\/wp-json\/wp\/v2\/types\/post"}],"author":[{"embeddable":true,"href":"https:\/\/vocesdebaires.com.ar\/index.php\/wp-json\/wp\/v2\/users\/1"}],"replies":[{"embeddable":true,"href":"https:\/\/vocesdebaires.com.ar\/index.php\/wp-json\/wp\/v2\/comments?post=4052"}],"version-history":[{"count":0,"href":"https:\/\/vocesdebaires.com.ar\/index.php\/wp-json\/wp\/v2\/posts\/4052\/revisions"}],"wp:featuredmedia":[{"embeddable":true,"href":"https:\/\/vocesdebaires.com.ar\/index.php\/wp-json\/wp\/v2\/media\/4053"}],"wp:attachment":[{"href":"https:\/\/vocesdebaires.com.ar\/index.php\/wp-json\/wp\/v2\/media?parent=4052"}],"wp:term":[{"taxonomy":"category","embeddable":true,"href":"https:\/\/vocesdebaires.com.ar\/index.php\/wp-json\/wp\/v2\/categories?post=4052"},{"taxonomy":"post_tag","embeddable":true,"href":"https:\/\/vocesdebaires.com.ar\/index.php\/wp-json\/wp\/v2\/tags?post=4052"}],"curies":[{"name":"wp","href":"https:\/\/api.w.org\/{rel}","templated":true}]}}