{"id":40523,"date":"2022-09-25T11:56:53","date_gmt":"2022-09-25T14:56:53","guid":{"rendered":"https:\/\/vocesdebaires.com.ar\/?p=40523"},"modified":"2022-09-25T11:56:53","modified_gmt":"2022-09-25T14:56:53","slug":"el-mundo-judio-celebrar-hoy-rosh-hashana","status":"publish","type":"post","link":"https:\/\/vocesdebaires.com.ar\/index.php\/2022\/09\/25\/el-mundo-judio-celebrar-hoy-rosh-hashana\/","title":{"rendered":"El mundo jud\u00edo celebrar hoy Rosh Hashan\u00e1"},"content":{"rendered":"<p>Rosh Hashan\u00e1 es el comienzo del a\u00f1o nuevo jud\u00edo. En pocas horas se iniciar\u00e1 el a\u00f1o 5783. Comenzar un nuevo a\u00f1o es, por supuesto, un motivo de celebraci\u00f3n y alegr\u00eda. Es por eso que durante la primera y la segunda noche de Rosh Hashan\u00e1, las noches de hoy domingo 25 setiembre, lunes 26 y martes 27, se realiza una ceremonia especial o \u00abSeder\u00bb donde deseamos unos a otros tener un a\u00f1o de paz, prosperidad y alegr\u00eda.\u00a0 Pero para el pueblo jud\u00edo un nuevo a\u00f1o tambi\u00e9n (o principalmente) significa un evento serio. Al punto de que los Sabios hablaron m\u00e1s, mucho m\u00e1s, sobre los aspectos serios de Rosh HaShan\u00e1 que sobre los aspectos celebratorios de Rosh HaShan\u00e1. El Shofar declara que Hashem es nuestro Rey y Juez ( \u2018\u05dc\u05d4\u05de\u05dc\u05d9\u05da \u05d0\u05ea \u05d4) y es nuestro deber hacer el mayor esfuerzo posible por visualizar (\u00a1sin visualizar a Dios!) que estamos frente a \u00c9l, frente a Su Trono, y sentir que \u00c9l nos est\u00e1 llamando a comparecer en Su corte. As\u00ed nos despedimos hasta el pr\u00f3ximo mi\u00e9rcoles , dese\u00e1ndoles todos , lo mejor SHANA TOVA UMETUKA<\/p>\n","protected":false},"excerpt":{"rendered":"<p>Rosh Hashan\u00e1 es el comienzo del a\u00f1o nuevo jud\u00edo. En pocas horas se iniciar\u00e1 el a\u00f1o 5783. Comenzar un nuevo a\u00f1o es, por supuesto, un motivo de celebraci\u00f3n y alegr\u00eda. Es por eso que durante la primera y la segunda noche de Rosh Hashan\u00e1, las noches de hoy domingo 25 setiembre, lunes 26 y martes [&hellip;]<\/p>\n","protected":false},"author":2,"featured_media":40524,"comment_status":"open","ping_status":"open","sticky":false,"template":"","format":"standard","meta":{"_et_pb_use_builder":"","_et_pb_old_content":"","_et_gb_content_width":"","footnotes":""},"categories":[11,33],"tags":[],"class_list":["post-40523","post","type-post","status-publish","format-standard","has-post-thumbnail","hentry","category-ciudad","category-sociedad-y-cultura-2"],"_links":{"self":[{"href":"https:\/\/vocesdebaires.com.ar\/index.php\/wp-json\/wp\/v2\/posts\/40523"}],"collection":[{"href":"https:\/\/vocesdebaires.com.ar\/index.php\/wp-json\/wp\/v2\/posts"}],"about":[{"href":"https:\/\/vocesdebaires.com.ar\/index.php\/wp-json\/wp\/v2\/types\/post"}],"author":[{"embeddable":true,"href":"https:\/\/vocesdebaires.com.ar\/index.php\/wp-json\/wp\/v2\/users\/2"}],"replies":[{"embeddable":true,"href":"https:\/\/vocesdebaires.com.ar\/index.php\/wp-json\/wp\/v2\/comments?post=40523"}],"version-history":[{"count":1,"href":"https:\/\/vocesdebaires.com.ar\/index.php\/wp-json\/wp\/v2\/posts\/40523\/revisions"}],"predecessor-version":[{"id":40525,"href":"https:\/\/vocesdebaires.com.ar\/index.php\/wp-json\/wp\/v2\/posts\/40523\/revisions\/40525"}],"wp:featuredmedia":[{"embeddable":true,"href":"https:\/\/vocesdebaires.com.ar\/index.php\/wp-json\/wp\/v2\/media\/40524"}],"wp:attachment":[{"href":"https:\/\/vocesdebaires.com.ar\/index.php\/wp-json\/wp\/v2\/media?parent=40523"}],"wp:term":[{"taxonomy":"category","embeddable":true,"href":"https:\/\/vocesdebaires.com.ar\/index.php\/wp-json\/wp\/v2\/categories?post=40523"},{"taxonomy":"post_tag","embeddable":true,"href":"https:\/\/vocesdebaires.com.ar\/index.php\/wp-json\/wp\/v2\/tags?post=40523"}],"curies":[{"name":"wp","href":"https:\/\/api.w.org\/{rel}","templated":true}]}}