{"id":40532,"date":"2022-09-28T10:41:32","date_gmt":"2022-09-28T13:41:32","guid":{"rendered":"https:\/\/vocesdebaires.com.ar\/?p=40532"},"modified":"2022-09-28T10:41:32","modified_gmt":"2022-09-28T13:41:32","slug":"ciudadprimera-edicion-de-encuentro-de-triple-impacto-en-el-ecoparque","status":"publish","type":"post","link":"https:\/\/vocesdebaires.com.ar\/index.php\/2022\/09\/28\/ciudadprimera-edicion-de-encuentro-de-triple-impacto-en-el-ecoparque\/","title":{"rendered":"Ciudad:Primera edici\u00f3n de Encuentro de Triple Impacto en el Ecoparque"},"content":{"rendered":"<p>La Ciudad llev\u00f3 a cabo la primera edici\u00f3n de Encuentro de Triple Impacto (E3i) para conectar a organizaciones de la sociedad civil con PyMEs, promoviendo la integraci\u00f3n hacia una econom\u00eda m\u00e1s inclusiva y sostenible. El evento se desarroll\u00f3 ayer lunes en el Ecoparque, Av. Las Heras y Sarmiento, de 13 a 17 h. Se trat\u00f3, adem\u00e1s, de un evento Carbono Neutral que busca minimizar los impactos ambientales generados por su operaci\u00f3n, reducir al m\u00e1ximo la huella de carbono y mitigar el da\u00f1o ambiental causado mediante la compensaci\u00f3n de esta huella. De esta manera, antes, durante y post del encuentro se realiz\u00f3 la medici\u00f3n de la huella de carbono. Luego esta huella medida se compensar\u00e1 mediante la plantaci\u00f3n de \u00e1rboles que generar\u00e1n las toneladas de carbono equivalentes.<\/p>\n<p>La compensaci\u00f3n de la huella de carbono consiste en neutralizar la cantidad de emisiones de CO2 que se emiten mediante la absorci\u00f3n de CO2 por medio de la restauraci\u00f3n ecol\u00f3gica, a trav\u00e9s de plantaciones de especies nativas que act\u00faan como captadores de carbono. La iniciativa es organizada por el Ministerio de Desarrollo Econ\u00f3mico y Producci\u00f3n, a trav\u00e9s de la Direcci\u00f3n General Micro, Peque\u00f1as y Medianas Empresas, y la Secretar\u00eda de Ambiente, entre otras \u00e1reas gubernamentales de la Ciudad.<\/p>\n<p>Tiene por objetivo ser un espacio para que distintos actores intercambien experiencias y buenas pr\u00e1cticas en el marco del enverdecimiento de la econom\u00eda. \u201cCambiar el paradigma de nuestros sectores productivos es indispensable para mitigar los efectos del cambio clim\u00e1tico\u201d, afirm\u00f3 Jos\u00e9 Luis Giusti, ministro de Desarrollo Econ\u00f3mico y Producci\u00f3n. \u201cEs por eso que, desde la Ciudad, generamos espacios de di\u00e1logo como el Encuentro de Triple Impacto, para avanzar con todos los actores involucrados en una transici\u00f3n hacia la econom\u00eda verde\u201d, agreg\u00f3.<\/p>\n<p>Por su parte, In\u00e9s Gorbea, secretaria de Ambiente, sostuvo que \u201ces necesario que todos seamos conscientes de la huella de carbono que generamos para poder reducirla. Hay muchas acciones cotidianas que ayudan a disminuir la generaci\u00f3n de gases efecto invernadero. Es una cuesti\u00f3n de cambio cultural, por eso es importante que las organizaciones trabajen en esta l\u00ednea\u201d. Y concluy\u00f3: \u201ctodos formamos parte de la sociedad, desde el Estado podemos impulsar muchas pol\u00edticas p\u00fablicas, pero es fundamental la participaci\u00f3n ciudadana y un nuevo rol de las instituciones, m\u00e1s involucradas con el cuidado del ambiente\u201d. E3i cont\u00f3 con un stands para que m\u00e1s de 50 PyMEs exhiban sus productos y servicios sustentables en alimentaci\u00f3n saludable; fabricaci\u00f3n y dise\u00f1o; papeler\u00eda ecol\u00f3gica; packaging compostable, y eficiencia energ\u00e9tica.<\/p>\n<p>Tambi\u00e9n se realiz\u00f3 una mesas de trabajo entre empresas compradoras y PyMEs proveedoras con el fin de generar contactos comerciales e institucionales, contribuyendo a mejorar aspectos de su cadena de valor. Por \u00faltimo, se desarrollar\u00e1n talleres y capacitaciones de sensibilizaci\u00f3n sobre econom\u00eda circular, h\u00e1bitos responsables y emprendedurismo de triple impacto. \u201cLa agenda 2030 nos exige trabajar comprometidos con los aspectos econ\u00f3micos, sociales y ambientales para poder dejar a las generaciones futuras una sociedad mejor. Por eso es tan importante no solo medir la huella de carbono sino tambi\u00e9n compensarla, para dar el ejemplo y lograr que toda la sociedad trabaje en este sentido\u201d explic\u00f3 Ariel \u00c1lvarez Palma, subsecretario de Infraestructura Verde y Desarrollo Sostenible.<\/p>\n<p>\u201cSi logramos que las empresas cumplan un rol ambiental y social estaremos en presencia de un gran cambio. El \u00e9xito de una empresa no es solamente por su ganancia econ\u00f3mica, sino tambi\u00e9n por su impacto social y ambiental\u201d, detall\u00f3 Hern\u00e1n Najenson, director general de Micro, Peque\u00f1as y Medianas Empresas. E3i se realiz\u00f3 en el marco del D\u00eda de la Conciencia Ambiental y del D\u00eda Internacional de la Acci\u00f3n por los Objetivos de Desarrollo Sostenible. Son 17 objetivos y 169 metas que abordan el cambio clim\u00e1tico, la desigualdad econ\u00f3mica, el consumo sostenible, la paz y la justicia y forman parte de una iniciativa impulsada por Naciones Unidas, a las que suscribieron los pa\u00edses miembros, entre los que se encuentra Argentina.<\/p>\n","protected":false},"excerpt":{"rendered":"<p>La Ciudad llev\u00f3 a cabo la primera edici\u00f3n de Encuentro de Triple Impacto (E3i) para conectar a organizaciones de la sociedad civil con PyMEs, promoviendo la integraci\u00f3n hacia una econom\u00eda m\u00e1s inclusiva y sostenible. El evento se desarroll\u00f3 ayer lunes en el Ecoparque, Av. Las Heras y Sarmiento, de 13 a 17 h. Se trat\u00f3, [&hellip;]<\/p>\n","protected":false},"author":3,"featured_media":40533,"comment_status":"open","ping_status":"open","sticky":false,"template":"","format":"standard","meta":{"_et_pb_use_builder":"","_et_pb_old_content":"","_et_gb_content_width":"","footnotes":""},"categories":[11,33],"tags":[],"class_list":["post-40532","post","type-post","status-publish","format-standard","has-post-thumbnail","hentry","category-ciudad","category-sociedad-y-cultura-2"],"_links":{"self":[{"href":"https:\/\/vocesdebaires.com.ar\/index.php\/wp-json\/wp\/v2\/posts\/40532"}],"collection":[{"href":"https:\/\/vocesdebaires.com.ar\/index.php\/wp-json\/wp\/v2\/posts"}],"about":[{"href":"https:\/\/vocesdebaires.com.ar\/index.php\/wp-json\/wp\/v2\/types\/post"}],"author":[{"embeddable":true,"href":"https:\/\/vocesdebaires.com.ar\/index.php\/wp-json\/wp\/v2\/users\/3"}],"replies":[{"embeddable":true,"href":"https:\/\/vocesdebaires.com.ar\/index.php\/wp-json\/wp\/v2\/comments?post=40532"}],"version-history":[{"count":1,"href":"https:\/\/vocesdebaires.com.ar\/index.php\/wp-json\/wp\/v2\/posts\/40532\/revisions"}],"predecessor-version":[{"id":40534,"href":"https:\/\/vocesdebaires.com.ar\/index.php\/wp-json\/wp\/v2\/posts\/40532\/revisions\/40534"}],"wp:featuredmedia":[{"embeddable":true,"href":"https:\/\/vocesdebaires.com.ar\/index.php\/wp-json\/wp\/v2\/media\/40533"}],"wp:attachment":[{"href":"https:\/\/vocesdebaires.com.ar\/index.php\/wp-json\/wp\/v2\/media?parent=40532"}],"wp:term":[{"taxonomy":"category","embeddable":true,"href":"https:\/\/vocesdebaires.com.ar\/index.php\/wp-json\/wp\/v2\/categories?post=40532"},{"taxonomy":"post_tag","embeddable":true,"href":"https:\/\/vocesdebaires.com.ar\/index.php\/wp-json\/wp\/v2\/tags?post=40532"}],"curies":[{"name":"wp","href":"https:\/\/api.w.org\/{rel}","templated":true}]}}