{"id":40547,"date":"2022-09-28T11:22:21","date_gmt":"2022-09-28T14:22:21","guid":{"rendered":"https:\/\/vocesdebaires.com.ar\/?p=40547"},"modified":"2022-09-28T11:22:21","modified_gmt":"2022-09-28T14:22:21","slug":"a-beneficiofundacion-fernandez-el-arte-y-la-solidaridad-se-dan-la-mano","status":"publish","type":"post","link":"https:\/\/vocesdebaires.com.ar\/index.php\/2022\/09\/28\/a-beneficiofundacion-fernandez-el-arte-y-la-solidaridad-se-dan-la-mano\/","title":{"rendered":"A beneficio:Fundaci\u00f3n Fern\u00e1ndez, el arte y la solidaridad se dan la mano"},"content":{"rendered":"<p>A beneficio de la Fundaci\u00f3n Fern\u00e1ndez ,El arte y la solidaridad se dan la mano para la remodelaci\u00f3n total de la Sala de Di\u00e1lisis del Hospital. Disponible hasta el 31 de octubre en: www.fundacionfernandez.org. Por segundo a\u00f1o consecutivo, la Fundaci\u00f3n Fern\u00e1ndez vuelve a reunir a espacios que nuclean a prestigiosos artistas contempor\u00e1neos: Diderot. Art, Liga, OdA y Cecilia Caballero.. El 25% de cada obra vendida ser\u00e1 destinado por la Fundaci\u00f3n a la remodelaci\u00f3n total de la Sala de Di\u00e1lisis del Hospital Fern\u00e1ndez, donde se realizan m\u00e1s de 9000 di\u00e1lisis por a\u00f1o.<\/p>\n<p><strong>Artistas que participan:<\/strong><br \/>\nNatalia Abot Glenz -Andrea Alkalay &#8211; Andr\u00e9s Bancalari &#8211; Javier Barilaro &#8211; Gonzalo Beccar Varela &#8211; Viviana Blanco &#8211; Delfina Bourse &#8211; Ana Braconi &#8211; Fernando Brizuela &#8211; Federico Cabria &#8211; Valeria Calvo &#8211; Adriana Carambia &#8211; Dolores Casta\u00f1o &#8211; Azul Caverna &#8211; Cynthia Cohen &#8211; Francesca Darget &#8211; Ignacio de Lucca &#8211; Marcolina Dipierro &#8211; Cecilia Duhau &#8211; Maria Marta Fasoli &#8211; M\u00f3nica Fierro &#8211; Yaya Firpo &#8211; Pablo Frezza &#8211; Luciana Garabello &#8211; Carla Gimbatti &#8211; Ver\u00f3nica G\u00f3mez &#8211; Ramiro Gonz\u00e1lez Etchag\u00fce &#8211; Lucila Grad\u00edn &#8211; Vicente Grondona &#8211; Elisa Insua &#8211; Cecilia Ivanchevich &#8211; Andrea Juan &#8211; B\u00e1rbara Kaplan &#8211; Iv\u00e1n Krassoievitch &#8211; Benito Laren &#8211; Luciana Levinton &#8211; R\u00f3mulo Macci\u00f3 &#8211; Gimena Macri &#8211; Facundo Maldonado &#8211; Natalia Mart\u00ednez &#8211; Sofia Mastai &#8211; Eugenia Mendoza &#8211; Nushi Muntaabski &#8211; Luis Felipe No\u00e9 &#8211; Agustina Nu\u00f1ez &#8211; Fernando O&#8217;Connor &#8211; Elisa O&#8217;Farrell &#8211; Adrian Paiva &#8211; Jos\u00e9 Pereyra Lucena &#8211; D\u00e9bora Pierpaoli &#8211; Raquel Podesta &#8211; Fernando Poggio &#8211; Martina Quesada &#8211; Agustina Quiles &#8211; Grace Ratto &#8211; Juan Reos &#8211; Julia Romano &#8211; Alico Roviralta &#8211; Marcelo Saraceno &#8211; Celina Saubidet &#8211; Mariana Sissia &#8211; Ana Clara Soler &#8211; Sofia Spinnato &#8211; Laura Spivak &#8211; Juan Stoppani &#8211; Elisa Strada &#8211; Fernando Sucari &#8211; Hern\u00e1n Torres &#8211; Lorena Ventimiglia &#8211; Mariano Vilela &#8211; Federico Villarino &#8211; Pablo Ziccarello.<\/p>\n<p><strong>Los interesados se pueden comunicar con la Fundaci\u00f3n:<\/strong><br \/>\nWhatsApp: +54 11 3501-1377<br \/>\nEmail: info@fundaci\u00f3nfernandez.org<br \/>\nHace 26 a\u00f1os que nuestra Fundaci\u00f3n trabaja con pasi\u00f3n para dotar de la mejor aparatolog\u00eda al Hospital Fern\u00e1ndez. Hoy el arte ofrece tambi\u00e9n una oportunidad para ayudar.<\/p>\n","protected":false},"excerpt":{"rendered":"<p>A beneficio de la Fundaci\u00f3n Fern\u00e1ndez ,El arte y la solidaridad se dan la mano para la remodelaci\u00f3n total de la Sala de Di\u00e1lisis del Hospital. Disponible hasta el 31 de octubre en: www.fundacionfernandez.org. Por segundo a\u00f1o consecutivo, la Fundaci\u00f3n Fern\u00e1ndez vuelve a reunir a espacios que nuclean a prestigiosos artistas contempor\u00e1neos: Diderot. Art, Liga, [&hellip;]<\/p>\n","protected":false},"author":2,"featured_media":40548,"comment_status":"open","ping_status":"open","sticky":false,"template":"","format":"standard","meta":{"_et_pb_use_builder":"","_et_pb_old_content":"","_et_gb_content_width":"","footnotes":""},"categories":[11,33],"tags":[],"class_list":["post-40547","post","type-post","status-publish","format-standard","has-post-thumbnail","hentry","category-ciudad","category-sociedad-y-cultura-2"],"_links":{"self":[{"href":"https:\/\/vocesdebaires.com.ar\/index.php\/wp-json\/wp\/v2\/posts\/40547"}],"collection":[{"href":"https:\/\/vocesdebaires.com.ar\/index.php\/wp-json\/wp\/v2\/posts"}],"about":[{"href":"https:\/\/vocesdebaires.com.ar\/index.php\/wp-json\/wp\/v2\/types\/post"}],"author":[{"embeddable":true,"href":"https:\/\/vocesdebaires.com.ar\/index.php\/wp-json\/wp\/v2\/users\/2"}],"replies":[{"embeddable":true,"href":"https:\/\/vocesdebaires.com.ar\/index.php\/wp-json\/wp\/v2\/comments?post=40547"}],"version-history":[{"count":1,"href":"https:\/\/vocesdebaires.com.ar\/index.php\/wp-json\/wp\/v2\/posts\/40547\/revisions"}],"predecessor-version":[{"id":40549,"href":"https:\/\/vocesdebaires.com.ar\/index.php\/wp-json\/wp\/v2\/posts\/40547\/revisions\/40549"}],"wp:featuredmedia":[{"embeddable":true,"href":"https:\/\/vocesdebaires.com.ar\/index.php\/wp-json\/wp\/v2\/media\/40548"}],"wp:attachment":[{"href":"https:\/\/vocesdebaires.com.ar\/index.php\/wp-json\/wp\/v2\/media?parent=40547"}],"wp:term":[{"taxonomy":"category","embeddable":true,"href":"https:\/\/vocesdebaires.com.ar\/index.php\/wp-json\/wp\/v2\/categories?post=40547"},{"taxonomy":"post_tag","embeddable":true,"href":"https:\/\/vocesdebaires.com.ar\/index.php\/wp-json\/wp\/v2\/tags?post=40547"}],"curies":[{"name":"wp","href":"https:\/\/api.w.org\/{rel}","templated":true}]}}