{"id":40574,"date":"2022-09-29T00:00:34","date_gmt":"2022-09-29T03:00:34","guid":{"rendered":"https:\/\/vocesdebaires.com.ar\/?p=40574"},"modified":"2022-09-28T23:02:44","modified_gmt":"2022-09-29T02:02:44","slug":"ba-multiplicaformacion-gratuita-en-tecnologicas-dictada-por-jovenes","status":"publish","type":"post","link":"https:\/\/vocesdebaires.com.ar\/index.php\/2022\/09\/29\/ba-multiplicaformacion-gratuita-en-tecnologicas-dictada-por-jovenes\/","title":{"rendered":"BA Multiplica:Formaci\u00f3n gratuita en tecnol\u00f3gicas dictada por j\u00f3venes"},"content":{"rendered":"<p>Llega la primera edici\u00f3n de BA Multiplica 2.0, una iniciativa del Ministerio de Desarrollo Econ\u00f3mico y Producci\u00f3n a trav\u00e9s de la Direcci\u00f3n General Pol\u00edticas de Juventud de la Ciudad. Consiste en un curso virtual y sin costo presentado por j\u00f3venes promotores que capacitar\u00e1n a sus pares para que puedan incorporar habilidades tecnol\u00f3gicas que fortalezcan sus condiciones de empleabilidad. El programa est\u00e1 orientado en tres verticales: Excel avanzado y Power BI inicial; dise\u00f1o gr\u00e1fico digital; y programador web inicial\u00a0 Front End Developer.<\/p>\n<p>Los j\u00f3venes interesados en participar deber\u00e1n elegir una y complementar\u00e1n su formaci\u00f3n con un m\u00f3dulo de gesti\u00f3n de proyectos y uno de Inteligencia emocional. Pueden participar j\u00f3venes de todo el pa\u00eds de entre 16 y 35 a\u00f1os que quieran capacitarse y transformarse en agentes de cambio en futuros \u00e1mbitos laborales. El primer curso del a\u00f1o comienza el 11 de octubre y para sumarse s\u00f3lo es necesario completar el formulario de inscripci\u00f3n y, en el caso de no ser egresado de BA Multiplica, deber\u00e1n aprobar un test de nivelaci\u00f3n.<\/p>\n<p>El programa busca capacitar a jo\u0301venes en tema\u0301ticas relacionadas a la economi\u0301a del conocimiento, promoviendo la inclusio\u0301n en sectores con alta demanda laboral. Tiene una duraci\u00f3n de 10 semanas; las clases se van a dictar de forma online y en vivo en encuentros de 2 horas y habr\u00e1 material asincr\u00f3nico complementario. Quienes completen el programa recibir\u00e1n un certificado emitido por el Gobierno de la Ciudad y la Universidad Tecnol\u00f3gica Nacional (UTN).<\/p>\n<p>BA Multiplica 2.0 cuenta con el respaldo y acompa\u00f1amiento de prestigiosas organizaciones tales como UTN, AIESEC y la Facultad de Psicolog\u00eda de la Universidad de Buenos Aires. Dichas instituciones est\u00e1n a cargo de la selecci\u00f3n, preparaci\u00f3n y formaci\u00f3n de los j\u00f3venes promotores que brindan el curso ofreciendo herramientas, material y conocimientos para cada una de las tem\u00e1ticas espec\u00edficas que este aborda.<\/p>\n<p><strong>A continuaci\u00f3n presentamos las tres verticales con sus objetivos:<\/strong><br \/>\n<strong>Excel Avanzando y Power Bi Inicial<\/strong><br \/>\nTrabajar con Herramientas de Auditor\u00eda.<br \/>\nTrabajar con Tablas y Gr\u00e1ficos Din\u00e1micos. Crear y Utilizar Macros.<br \/>\nTrabajar con la herramienta Power BI. Integrar Excel con Power BI.<\/p>\n<p><strong>Dise\u00f1o Gr\u00e1fico Digital:<\/strong><br \/>\nConocer y dominar las distintas t\u00e9cnicas de edici\u00f3n digital.<br \/>\nUtilizar las herramientas digitales para crear im\u00e1genes desde cero, para editar y montar im\u00e1genes existentes, retocar, vectorizar y agregar efectos.<br \/>\nAdquirir nociones b\u00e1sicas de dise\u00f1o gr\u00e1fico, como forma, manejo de color, tipograf\u00eda, etc.<\/p>\n<p><strong>Programaci\u00f3n Web Inicial &#8211; Front End Developer:<\/strong><br \/>\nDesarrollar el dise\u00f1o b\u00e1sico de tu sitio en HTML5 y CSS3. Utilizar el Framework de dise\u00f1o bootstrap. . Aprender el lenguaje Javascript. Para m\u00e1s informaci\u00f3n sobre BA Multiplica 2.0, te invitamos a visitar la cuenta de instagram de BA Joven<\/p>\n","protected":false},"excerpt":{"rendered":"<p>Llega la primera edici\u00f3n de BA Multiplica 2.0, una iniciativa del Ministerio de Desarrollo Econ\u00f3mico y Producci\u00f3n a trav\u00e9s de la Direcci\u00f3n General Pol\u00edticas de Juventud de la Ciudad. Consiste en un curso virtual y sin costo presentado por j\u00f3venes promotores que capacitar\u00e1n a sus pares para que puedan incorporar habilidades tecnol\u00f3gicas que fortalezcan sus [&hellip;]<\/p>\n","protected":false},"author":2,"featured_media":40575,"comment_status":"open","ping_status":"open","sticky":false,"template":"","format":"standard","meta":{"_et_pb_use_builder":"","_et_pb_old_content":"","_et_gb_content_width":"","footnotes":""},"categories":[11,33],"tags":[],"class_list":["post-40574","post","type-post","status-publish","format-standard","has-post-thumbnail","hentry","category-ciudad","category-sociedad-y-cultura-2"],"_links":{"self":[{"href":"https:\/\/vocesdebaires.com.ar\/index.php\/wp-json\/wp\/v2\/posts\/40574"}],"collection":[{"href":"https:\/\/vocesdebaires.com.ar\/index.php\/wp-json\/wp\/v2\/posts"}],"about":[{"href":"https:\/\/vocesdebaires.com.ar\/index.php\/wp-json\/wp\/v2\/types\/post"}],"author":[{"embeddable":true,"href":"https:\/\/vocesdebaires.com.ar\/index.php\/wp-json\/wp\/v2\/users\/2"}],"replies":[{"embeddable":true,"href":"https:\/\/vocesdebaires.com.ar\/index.php\/wp-json\/wp\/v2\/comments?post=40574"}],"version-history":[{"count":1,"href":"https:\/\/vocesdebaires.com.ar\/index.php\/wp-json\/wp\/v2\/posts\/40574\/revisions"}],"predecessor-version":[{"id":40576,"href":"https:\/\/vocesdebaires.com.ar\/index.php\/wp-json\/wp\/v2\/posts\/40574\/revisions\/40576"}],"wp:featuredmedia":[{"embeddable":true,"href":"https:\/\/vocesdebaires.com.ar\/index.php\/wp-json\/wp\/v2\/media\/40575"}],"wp:attachment":[{"href":"https:\/\/vocesdebaires.com.ar\/index.php\/wp-json\/wp\/v2\/media?parent=40574"}],"wp:term":[{"taxonomy":"category","embeddable":true,"href":"https:\/\/vocesdebaires.com.ar\/index.php\/wp-json\/wp\/v2\/categories?post=40574"},{"taxonomy":"post_tag","embeddable":true,"href":"https:\/\/vocesdebaires.com.ar\/index.php\/wp-json\/wp\/v2\/tags?post=40574"}],"curies":[{"name":"wp","href":"https:\/\/api.w.org\/{rel}","templated":true}]}}