{"id":40577,"date":"2022-09-29T00:00:22","date_gmt":"2022-09-29T03:00:22","guid":{"rendered":"https:\/\/vocesdebaires.com.ar\/?p=40577"},"modified":"2022-09-28T23:13:09","modified_gmt":"2022-09-29T02:13:09","slug":"ciudad-aplicara-una-dosis-adicional-de-la-vacuna-triple-viral-y-la-polio","status":"publish","type":"post","link":"https:\/\/vocesdebaires.com.ar\/index.php\/2022\/09\/29\/ciudad-aplicara-una-dosis-adicional-de-la-vacuna-triple-viral-y-la-polio\/","title":{"rendered":"Ciudad aplicar\u00e1 una dosis adicional de la vacuna triple viral y la polio"},"content":{"rendered":"<p>Del 1 de octubre al 13 de noviembre, los ni\u00f1os y ni\u00f1as de 13 meses a 4 a\u00f1os inclusive deber\u00e1n recibir una dosis extra de las vacunas triple viral (sarampi\u00f3n, rub\u00e9ola y paperas) y polio, m\u00e1s all\u00e1 de las dosis recibidas anteriormente. No se requiere una orden m\u00e9dica previa, y los vecinos de la Ciudad de Buenos Aires deber\u00e1n sacar un turno para elegir la posta de vacunaci\u00f3n.<br \/>\nsacar un turno:https:\/\/covid.buenosaires.gob.ar\/InicioTramiteComun?idPrestacion=3890 Se trata de una dosis adicional a las establecidas en el Calendario de Vacunaci\u00f3n. La medida fue impulsada por el Ministerio de Salud de la Naci\u00f3n, frente al riesgo de reintroducci\u00f3n de estas enfermedades, que hab\u00edan eliminadas o de reemergencia de aquellas en control.<\/p>\n<p>En la Ciudad de Buenos Aires, la Campa\u00f1a de Vacunaci\u00f3n se realizar\u00e1 en los distintos centros de salud p\u00fablicos. Al momento de asistir al vacunatorio se deber\u00e1 llevar el carnet de vacunaci\u00f3n, Documento Nacional de Identidad (DNI) y estar acompa\u00f1ado por una persona mayor a 18 a\u00f1os. Las dosis extras son gratuitas, obligatorias y pueden administrarse en forma conjunta con la vacuna contra la COVID-19 y con cualquier otra vacuna del Calendario Nacional. En el caso particular de la vacuna contra la Varicela, tambi\u00e9n puede ser aplicada en el mismo momento que las de esta Campa\u00f1a (Sarampi\u00f3n, Rub\u00e9ola, Paperas y Poliomielitis); de lo contrario se deber\u00e1 esperar un mes para su aplicaci\u00f3n.<\/p>\n<p><strong>La importancia de la vacuna triple viral:<\/strong><br \/>\nLa vacuna triple viral es una vacuna incluida en el Calendario Nacional de Vacunaci\u00f3n, a los 12 meses de edad y al ingreso escolar con 5 a\u00f1os. Protege contra los virus de sarampi\u00f3n, rubeola y parotiditis. Las personas nacidas antes de 1965 no necesitan vacunarse ya que son consideradas inmunes. El sarampi\u00f3n es una enfermedad viral muy contagiosa y potencialmente grave, que se propaga f\u00e1cilmente cuando la persona infectada elimina secreciones respiratorias al hablar, toser o estornudar. Puede presentarse en todas las edades, aunque son los ni\u00f1os y ni\u00f1as los m\u00e1s afectados. Los s\u00edntomas son un cuadro febril, que puede ser acompa\u00f1ado de conjuntivitis, secreci\u00f3n nasal, tos y aparici\u00f3n de manchas que empiezan a aparecer desde la cabeza y se extienden por cuello, t\u00f3rax y pies.<\/p>\n<p>La rub\u00e9ola tambi\u00e9n es una enfermedad viral que puede presentarse en adultos y ni\u00f1os. Cuando una mujer embarazada susceptible se expone al virus puede llevar a muerte fetal y neonatal y al S\u00edndrome de Rubeola cong\u00e9nita con graves malformaciones en el reci\u00e9n nacido que producen sordera, ceguera y cardiopat\u00edas cong\u00e9nitas. Sus s\u00edntomas son fiebre y erupci\u00f3n en la piel.<br \/>\nPor su parte, las paperas es otra afecci\u00f3n viral que se caracteriza por inflamaci\u00f3n de las gl\u00e1ndulas salivales, y puede producir complicaciones como orquitis (inflamaci\u00f3n testicular), pancreatitis, encefalitis, entre otras. Sus principales s\u00edntomas son: fiebre, inflamaci\u00f3n de las gl\u00e1ndulas par\u00f3tidas y otras gl\u00e1ndulas.<\/p>\n<p><strong>La situaci\u00f3n sanitaria a nivel nacional:<\/strong><br \/>\nSi bien Argentina est\u00e1 libre de poliovirus desde 1984 y no presenta casos end\u00e9micos de sarampi\u00f3n desde el a\u00f1o 2000, ni de rub\u00e9ola ni s\u00edndrome de rub\u00e9ola cong\u00e9nita desde 2009, el riesgo de reintroducci\u00f3n de estas enfermedades es permanente ya que los tres virus contin\u00faan circulando en otros pa\u00edses de la regi\u00f3n. El pasado 2 de julio se confirm\u00f3, en Argentina, un caso de sarampi\u00f3n. Se trataba de una ni\u00f1a de 2 a\u00f1os, del partido de Vicente L\u00f3pez, en la zona norte de la Provincia de Buenos Aires, quien hab\u00eda mantenido contacto con un familiar que hab\u00eda regresado de un viaje por Europa y \u00c1frica. Sin embargo, debido a las acciones de control y seguimiento de contactos no se registraron m\u00e1s casos.<br \/>\nFotos GCBA<\/p>\n","protected":false},"excerpt":{"rendered":"<p>Del 1 de octubre al 13 de noviembre, los ni\u00f1os y ni\u00f1as de 13 meses a 4 a\u00f1os inclusive deber\u00e1n recibir una dosis extra de las vacunas triple viral (sarampi\u00f3n, rub\u00e9ola y paperas) y polio, m\u00e1s all\u00e1 de las dosis recibidas anteriormente. No se requiere una orden m\u00e9dica previa, y los vecinos de la Ciudad [&hellip;]<\/p>\n","protected":false},"author":2,"featured_media":40578,"comment_status":"open","ping_status":"open","sticky":false,"template":"","format":"standard","meta":{"_et_pb_use_builder":"","_et_pb_old_content":"","_et_gb_content_width":"","footnotes":""},"categories":[11,33],"tags":[],"class_list":["post-40577","post","type-post","status-publish","format-standard","has-post-thumbnail","hentry","category-ciudad","category-sociedad-y-cultura-2"],"_links":{"self":[{"href":"https:\/\/vocesdebaires.com.ar\/index.php\/wp-json\/wp\/v2\/posts\/40577"}],"collection":[{"href":"https:\/\/vocesdebaires.com.ar\/index.php\/wp-json\/wp\/v2\/posts"}],"about":[{"href":"https:\/\/vocesdebaires.com.ar\/index.php\/wp-json\/wp\/v2\/types\/post"}],"author":[{"embeddable":true,"href":"https:\/\/vocesdebaires.com.ar\/index.php\/wp-json\/wp\/v2\/users\/2"}],"replies":[{"embeddable":true,"href":"https:\/\/vocesdebaires.com.ar\/index.php\/wp-json\/wp\/v2\/comments?post=40577"}],"version-history":[{"count":1,"href":"https:\/\/vocesdebaires.com.ar\/index.php\/wp-json\/wp\/v2\/posts\/40577\/revisions"}],"predecessor-version":[{"id":40579,"href":"https:\/\/vocesdebaires.com.ar\/index.php\/wp-json\/wp\/v2\/posts\/40577\/revisions\/40579"}],"wp:featuredmedia":[{"embeddable":true,"href":"https:\/\/vocesdebaires.com.ar\/index.php\/wp-json\/wp\/v2\/media\/40578"}],"wp:attachment":[{"href":"https:\/\/vocesdebaires.com.ar\/index.php\/wp-json\/wp\/v2\/media?parent=40577"}],"wp:term":[{"taxonomy":"category","embeddable":true,"href":"https:\/\/vocesdebaires.com.ar\/index.php\/wp-json\/wp\/v2\/categories?post=40577"},{"taxonomy":"post_tag","embeddable":true,"href":"https:\/\/vocesdebaires.com.ar\/index.php\/wp-json\/wp\/v2\/tags?post=40577"}],"curies":[{"name":"wp","href":"https:\/\/api.w.org\/{rel}","templated":true}]}}