{"id":40580,"date":"2022-09-29T00:00:27","date_gmt":"2022-09-29T03:00:27","guid":{"rendered":"https:\/\/vocesdebaires.com.ar\/?p=40580"},"modified":"2022-09-28T23:16:08","modified_gmt":"2022-09-29T02:16:08","slug":"en-la-ciudadla-causa-amia-avanza-a-nivel-internacional","status":"publish","type":"post","link":"https:\/\/vocesdebaires.com.ar\/index.php\/2022\/09\/29\/en-la-ciudadla-causa-amia-avanza-a-nivel-internacional\/","title":{"rendered":"En la ciudad:La causa AMIA avanza a nivel internacional"},"content":{"rendered":"<p>La Corte Interamericana de Derechos Humanos fij\u00f3 fecha para una audiencia p\u00fablica por el caso AMIA. Se trata de la causa iniciada en 1999 a ra\u00edz de la denuncia de Memoria Activa al Estado argentino por la falta de prevenci\u00f3n del atentado y la posterior denegaci\u00f3n de verdad y justicia. Si bien los \u00faltimos a\u00f1os hubo intentos de arribar a una soluci\u00f3n amistosa, el Estado argentino incumpli\u00f3 las demandas y compromisos (materializadas en el decreto 812\/05). Por ello, la Comisi\u00f3n Interamericana de Derechos Humanos (CIDH), en su informe de fondo, consider\u00f3 que el caso deb\u00eda pasar a la siguiente instancia: la Corte Interamericana.<\/p>\n<p>Los jueces del organismo recibir\u00e1 a las partes involucradas el 13 y 14 de octubre de 2022 en Montevideo en una audiencia p\u00fablica. Con posterioridad al encuentro, la Corte fijar\u00e1 una nueva fecha en la cual dictar\u00e1 una sentencia que, esperamos, represente una condena al Estado argentino. Las audiencias se transmitir\u00e1n en vivo en el canal de Youtube de la Corte.Gracias por acompa\u00f1arnos siempre en esta lucha por verdad y justicia.<\/p>\n","protected":false},"excerpt":{"rendered":"<p>La Corte Interamericana de Derechos Humanos fij\u00f3 fecha para una audiencia p\u00fablica por el caso AMIA. Se trata de la causa iniciada en 1999 a ra\u00edz de la denuncia de Memoria Activa al Estado argentino por la falta de prevenci\u00f3n del atentado y la posterior denegaci\u00f3n de verdad y justicia. Si bien los \u00faltimos a\u00f1os [&hellip;]<\/p>\n","protected":false},"author":2,"featured_media":39402,"comment_status":"open","ping_status":"open","sticky":false,"template":"","format":"standard","meta":{"_et_pb_use_builder":"","_et_pb_old_content":"","_et_gb_content_width":"","footnotes":""},"categories":[11,33],"tags":[],"class_list":["post-40580","post","type-post","status-publish","format-standard","has-post-thumbnail","hentry","category-ciudad","category-sociedad-y-cultura-2"],"_links":{"self":[{"href":"https:\/\/vocesdebaires.com.ar\/index.php\/wp-json\/wp\/v2\/posts\/40580"}],"collection":[{"href":"https:\/\/vocesdebaires.com.ar\/index.php\/wp-json\/wp\/v2\/posts"}],"about":[{"href":"https:\/\/vocesdebaires.com.ar\/index.php\/wp-json\/wp\/v2\/types\/post"}],"author":[{"embeddable":true,"href":"https:\/\/vocesdebaires.com.ar\/index.php\/wp-json\/wp\/v2\/users\/2"}],"replies":[{"embeddable":true,"href":"https:\/\/vocesdebaires.com.ar\/index.php\/wp-json\/wp\/v2\/comments?post=40580"}],"version-history":[{"count":1,"href":"https:\/\/vocesdebaires.com.ar\/index.php\/wp-json\/wp\/v2\/posts\/40580\/revisions"}],"predecessor-version":[{"id":40581,"href":"https:\/\/vocesdebaires.com.ar\/index.php\/wp-json\/wp\/v2\/posts\/40580\/revisions\/40581"}],"wp:featuredmedia":[{"embeddable":true,"href":"https:\/\/vocesdebaires.com.ar\/index.php\/wp-json\/wp\/v2\/media\/39402"}],"wp:attachment":[{"href":"https:\/\/vocesdebaires.com.ar\/index.php\/wp-json\/wp\/v2\/media?parent=40580"}],"wp:term":[{"taxonomy":"category","embeddable":true,"href":"https:\/\/vocesdebaires.com.ar\/index.php\/wp-json\/wp\/v2\/categories?post=40580"},{"taxonomy":"post_tag","embeddable":true,"href":"https:\/\/vocesdebaires.com.ar\/index.php\/wp-json\/wp\/v2\/tags?post=40580"}],"curies":[{"name":"wp","href":"https:\/\/api.w.org\/{rel}","templated":true}]}}