{"id":40592,"date":"2022-09-30T00:00:19","date_gmt":"2022-09-30T03:00:19","guid":{"rendered":"https:\/\/vocesdebaires.com.ar\/?p=40592"},"modified":"2022-09-29T18:01:51","modified_gmt":"2022-09-29T21:01:51","slug":"jungla-habitat-cultural-abre-una-convocatoria-a-diez-artistas-plasticos","status":"publish","type":"post","link":"https:\/\/vocesdebaires.com.ar\/index.php\/2022\/09\/30\/jungla-habitat-cultural-abre-una-convocatoria-a-diez-artistas-plasticos\/","title":{"rendered":"Jungla H\u00e1bitat Cultural abre una convocatoria a diez artistas pl\u00e1sticos"},"content":{"rendered":"<p>Jungla H\u00e1bitat Cultural abre una convocatoria a diez artistas pl\u00e1sticos, visuales, dise\u00f1adores o m\u00fasicos que quieran mostrar sus producciones sobre \u00abLibertades deseadas\u201d en la muestra<br \/>\ncolectiva del Orgullo Jungla 2022. Para participar contactarse por mail a jungla.info@gmail.com o por Instagram a @junglacultural antes del 14 de octubre. La muestra se realizar\u00e1 el viernes 28 de octubre a las 20H en Jungla<\/p>\n<p>H\u00e1bitat Cultural, ubicada en Guardia Vieja 3580, Almagro, con entrada libre y gratuita. Esa misma noche se va a celebrar la diversidad y la creatividad en una fiesta. El objetivo de Jungla H\u00e1bitat Cultural es visibilizar las libertades deseadas: el amor, el sexo, el erotismo, el goce, el cuerpo, las familias en la nueva edici\u00f3n del #OrgulloJungla. \u00abLa \u00fanica manera de lidiar con este mundo sin libertad es volverte tan absolutamente libre que tu mera existencia sea un acto de rebeli\u00f3n\u00bb, dijo Albert Camus.<\/p>\n<p>Las ediciones previas organizadas para la semana del Orgullo que se celebra en la Ciudad de Buenos Aires fueron: en el 2014 Semana del Orgullo en Jungla, 2015 Pre-Orgullo en la terraza,<br \/>\n2016 Jungla celebra el Orgullo, 2017 Celebramos el Orgullo \u201cVisibles\u201d, 2018 Jungla celebra el Orgullo y 2021 Orgullo Jungla \u201cFuturos diversos\u201d. En todas se cont\u00f3 con una importante<br \/>\nparticipaci\u00f3n de activistas de diferentes colectivos y vecinos porte\u00f1os. Jungla es un espacio cultural abierto y heterog\u00e9neo que impulsa la cultura, fomenta la<br \/>\ncreatividad, la experimentaci\u00f3n y la libertad.<\/p>\n","protected":false},"excerpt":{"rendered":"<p>Jungla H\u00e1bitat Cultural abre una convocatoria a diez artistas pl\u00e1sticos, visuales, dise\u00f1adores o m\u00fasicos que quieran mostrar sus producciones sobre \u00abLibertades deseadas\u201d en la muestra colectiva del Orgullo Jungla 2022. Para participar contactarse por mail a jungla.info@gmail.com o por Instagram a @junglacultural antes del 14 de octubre. La muestra se realizar\u00e1 el viernes 28 de [&hellip;]<\/p>\n","protected":false},"author":3,"featured_media":40593,"comment_status":"open","ping_status":"open","sticky":false,"template":"","format":"standard","meta":{"_et_pb_use_builder":"","_et_pb_old_content":"","_et_gb_content_width":"","footnotes":""},"categories":[11,33],"tags":[],"class_list":["post-40592","post","type-post","status-publish","format-standard","has-post-thumbnail","hentry","category-ciudad","category-sociedad-y-cultura-2"],"_links":{"self":[{"href":"https:\/\/vocesdebaires.com.ar\/index.php\/wp-json\/wp\/v2\/posts\/40592"}],"collection":[{"href":"https:\/\/vocesdebaires.com.ar\/index.php\/wp-json\/wp\/v2\/posts"}],"about":[{"href":"https:\/\/vocesdebaires.com.ar\/index.php\/wp-json\/wp\/v2\/types\/post"}],"author":[{"embeddable":true,"href":"https:\/\/vocesdebaires.com.ar\/index.php\/wp-json\/wp\/v2\/users\/3"}],"replies":[{"embeddable":true,"href":"https:\/\/vocesdebaires.com.ar\/index.php\/wp-json\/wp\/v2\/comments?post=40592"}],"version-history":[{"count":1,"href":"https:\/\/vocesdebaires.com.ar\/index.php\/wp-json\/wp\/v2\/posts\/40592\/revisions"}],"predecessor-version":[{"id":40594,"href":"https:\/\/vocesdebaires.com.ar\/index.php\/wp-json\/wp\/v2\/posts\/40592\/revisions\/40594"}],"wp:featuredmedia":[{"embeddable":true,"href":"https:\/\/vocesdebaires.com.ar\/index.php\/wp-json\/wp\/v2\/media\/40593"}],"wp:attachment":[{"href":"https:\/\/vocesdebaires.com.ar\/index.php\/wp-json\/wp\/v2\/media?parent=40592"}],"wp:term":[{"taxonomy":"category","embeddable":true,"href":"https:\/\/vocesdebaires.com.ar\/index.php\/wp-json\/wp\/v2\/categories?post=40592"},{"taxonomy":"post_tag","embeddable":true,"href":"https:\/\/vocesdebaires.com.ar\/index.php\/wp-json\/wp\/v2\/tags?post=40592"}],"curies":[{"name":"wp","href":"https:\/\/api.w.org\/{rel}","templated":true}]}}