{"id":40598,"date":"2022-09-30T00:00:52","date_gmt":"2022-09-30T03:00:52","guid":{"rendered":"https:\/\/vocesdebaires.com.ar\/?p=40598"},"modified":"2022-09-29T18:08:20","modified_gmt":"2022-09-29T21:08:20","slug":"la-oposicion-portena-busca-bajar-la-presion-tributaria-en-caba","status":"publish","type":"post","link":"https:\/\/vocesdebaires.com.ar\/index.php\/2022\/09\/30\/la-oposicion-portena-busca-bajar-la-presion-tributaria-en-caba\/","title":{"rendered":"La oposici\u00f3n porte\u00f1a busca bajar la presi\u00f3n tributaria en CABA"},"content":{"rendered":"<p>La oposici\u00f3n porte\u00f1a, conformada por el Frente de Todos, Consenso Federal, el Frente de Izquierda y Libertad Avanza en la legislatura porte\u00f1a, que recientemente logr\u00f3 terminar con la concesi\u00f3n de acarreo de veh\u00edculos en la Ciudad de Buenos Aires, ahora propone una sesi\u00f3n especial para eliminar el impuesto a las tarjetas de cr\u00e9dito el jueves 13 de octubre. Esta iniciativa es encabezada por la Asociaci\u00f3n Argentina de Contribuyentes y lleva el acompa\u00f1amiento de los legisladores Juan Manuel Vald\u00e9s (Frente de Todos), Eugenio Casielles (Consenso Federal) y Gabriel Solano (Frente de Izquierda). El tributo fue implementado por el Jefe de Gobierno, Horacio Rodr\u00edguez Larreta, en 2021 como excepci\u00f3n durante la pandemia y nunca tuvo fecha de expiraci\u00f3n.<\/p>\n<p>El legislador porte\u00f1o del Frente de Todos, Juan Manuel Vald\u00e9s, apunt\u00f3 contra el PRO y remarc\u00f3 que \u201cla semana pasada los hemos escuchado decir en la C\u00e1mara de Diputados que est\u00e1n en contra del impuesto a los ingresos brutos, mientras el distrito que ellos gobiernan cobra la al\u00edcuota m\u00e1s cara del pa\u00eds\u201d. Y continu\u00f3, \u201cdesde 2007 que el PRO gobierna la Ciudad de Buenos Aires se ha incrementado un 53% la presi\u00f3n tributaria de los porte\u00f1os y el principal destino de los fondos ha sido en Publicidad y Propaganda. Basta de meter la mano en el bolsillo de los porte\u00f1os\u201d.<\/p>\n<p>Adem\u00e1s, Vald\u00e9s pidi\u00f3 de manera urgente que \u201cdebatamos en una sesi\u00f3n especial este impuesto que fue planteado de manera transitoria y por una emergencia pero Larreta se las ingeni\u00f3 para que a\u00fan siga vigente\u201d. De esta manera, el Frente Anti Gr\u00faas buscar\u00e1 bajar la presi\u00f3n tributaria de los porte\u00f1os y porte\u00f1as y propone una sesi\u00f3n especial en la Legislatura para debatir el impuesto a los sellos a las tarjetas de cr\u00e9dito, que fue incluido por el Gobierno de la Ciudad en 2021 con el objetivo de recaudar $7.700 millones durante la emergencia de la pandemia pero a\u00fan sigue vigente.<\/p>\n<p>Consiste en un gravamen del 1,2% a las compras y d\u00e9bitos que se hagan por ese medio y seg\u00fan un informe recientemente publicado por la Fundaci\u00f3n Urbe, este tributo perjudica a 1,7 millones de porte\u00f1os. \u201cVenimos presentando distintos proyectos en esta direcci\u00f3n y tambi\u00e9n escuchando a los contribuyentes. No podemos seguir sumando impuestos al consumo cuando lo que debemos impulsar es la recuperaci\u00f3n econ\u00f3mica\u201d, concluy\u00f3 Juan Manuel Vald\u00e9s.<\/p>\n<p>El inesperado frente opositor consigui\u00f3 m\u00e1s de las 20 firmas necesarias para que haya sesi\u00f3n especial y ya tiene garantizados 28 diputados que apoyan la iniciativa que tendr\u00e1 lugar el jueves 13 de octubre. Para que la iniciativa se apruebe necesita de 31 votos, por lo que las dudas apuntan al bloque de Republicanos Unidos de Roberto Garc\u00eda Morit\u00e1n y otros integrantes del oficialismo molestos con la pol\u00edtica recaudatoria de Horacio Rodr\u00edguez Larreta.<\/p>\n","protected":false},"excerpt":{"rendered":"<p>La oposici\u00f3n porte\u00f1a, conformada por el Frente de Todos, Consenso Federal, el Frente de Izquierda y Libertad Avanza en la legislatura porte\u00f1a, que recientemente logr\u00f3 terminar con la concesi\u00f3n de acarreo de veh\u00edculos en la Ciudad de Buenos Aires, ahora propone una sesi\u00f3n especial para eliminar el impuesto a las tarjetas de cr\u00e9dito el jueves [&hellip;]<\/p>\n","protected":false},"author":3,"featured_media":40599,"comment_status":"open","ping_status":"open","sticky":false,"template":"","format":"standard","meta":{"_et_pb_use_builder":"","_et_pb_old_content":"","_et_gb_content_width":"","footnotes":""},"categories":[11,33],"tags":[],"class_list":["post-40598","post","type-post","status-publish","format-standard","has-post-thumbnail","hentry","category-ciudad","category-sociedad-y-cultura-2"],"_links":{"self":[{"href":"https:\/\/vocesdebaires.com.ar\/index.php\/wp-json\/wp\/v2\/posts\/40598"}],"collection":[{"href":"https:\/\/vocesdebaires.com.ar\/index.php\/wp-json\/wp\/v2\/posts"}],"about":[{"href":"https:\/\/vocesdebaires.com.ar\/index.php\/wp-json\/wp\/v2\/types\/post"}],"author":[{"embeddable":true,"href":"https:\/\/vocesdebaires.com.ar\/index.php\/wp-json\/wp\/v2\/users\/3"}],"replies":[{"embeddable":true,"href":"https:\/\/vocesdebaires.com.ar\/index.php\/wp-json\/wp\/v2\/comments?post=40598"}],"version-history":[{"count":1,"href":"https:\/\/vocesdebaires.com.ar\/index.php\/wp-json\/wp\/v2\/posts\/40598\/revisions"}],"predecessor-version":[{"id":40600,"href":"https:\/\/vocesdebaires.com.ar\/index.php\/wp-json\/wp\/v2\/posts\/40598\/revisions\/40600"}],"wp:featuredmedia":[{"embeddable":true,"href":"https:\/\/vocesdebaires.com.ar\/index.php\/wp-json\/wp\/v2\/media\/40599"}],"wp:attachment":[{"href":"https:\/\/vocesdebaires.com.ar\/index.php\/wp-json\/wp\/v2\/media?parent=40598"}],"wp:term":[{"taxonomy":"category","embeddable":true,"href":"https:\/\/vocesdebaires.com.ar\/index.php\/wp-json\/wp\/v2\/categories?post=40598"},{"taxonomy":"post_tag","embeddable":true,"href":"https:\/\/vocesdebaires.com.ar\/index.php\/wp-json\/wp\/v2\/tags?post=40598"}],"curies":[{"name":"wp","href":"https:\/\/api.w.org\/{rel}","templated":true}]}}