{"id":40606,"date":"2022-09-30T00:00:38","date_gmt":"2022-09-30T03:00:38","guid":{"rendered":"https:\/\/vocesdebaires.com.ar\/?p=40606"},"modified":"2022-09-29T22:00:02","modified_gmt":"2022-09-30T01:00:02","slug":"ciudad-realizo-la-entrega-de-diplomasciclo-de-formacion-para-delegados-sindicales","status":"publish","type":"post","link":"https:\/\/vocesdebaires.com.ar\/index.php\/2022\/09\/30\/ciudad-realizo-la-entrega-de-diplomasciclo-de-formacion-para-delegados-sindicales\/","title":{"rendered":"Ciudad realiz\u00f3 la entrega de diplomas, para delegados Sindicales"},"content":{"rendered":"<p>El subsecretario de Trabajo, Industria y Comercio, Ezequiel Jarvis, encabez\u00f3 ayer la entrega de diplomas a los egresados del Ciclo de Formaci\u00f3n para delegadas y delegados sindicales, \u201cConstruyendo Di\u00e1logo para un Trabajo 2.0\u201d, en la sede de la UOM. Participaron de la jornada el coordinador de Formaci\u00f3n Sindical de UOCRA, Guillermo Zuccotti; el secretario General de la seccional Capital Federal de la UOM, Antonio Cal\u00f3; el secretario General adjunto de la misma entidad, Roberto Bonetti; el delegado General de Capital Federal de SMATA, Horacio Gonz\u00e1lez; y el director General de Asuntos Gremiales y Formaci\u00f3n Sindical, Marcelo Bouzas.<\/p>\n<p>\u201cAgradezco a cada delegado y delegada, y a los dirigentes. Gracias a la seccional capital de la Uni\u00f3n Obrera Metal\u00fargica, gracias Antonio Cal\u00f3; y gracias Roberto Bonetti, por recibirnos. Quiero agradecer a Guillermo Zuccotti, y a toda la Fundaci\u00f3n UOCRA, por ser quienes llevan adelante este Ciclo de Formaci\u00f3n, que no descansa en mejorar y actualizarse\u201d, expres\u00f3 Jarvis. Y agreg\u00f3: \u201cEs muy bueno tener en la Ciudad un movimiento obrero que est\u00e1 pensando en seguir perfeccion\u00e1ndose, form\u00e1ndose, adquiriendo nuevas herramientas para ser mejores dirigentes y representar mejor a su colectivo de trabajadores.<\/p>\n<p>Eso es lo que buscamos nosotros, que tengan m\u00e1s herramienta para la dif\u00edcil tarea que llevan adelante, desde la complejidad que hoy representa la situaci\u00f3n argentina, poni\u00e9ndole la cara a las demandas de sus representados, y llevando adelante una conversaci\u00f3n con los empleadores, siempre desde la razonabilidad, con el principal objetivo de que los trabajadores est\u00e9n en un marco de trabajo decente y con desarrollo de oportunidades\u201d.<\/p>\n<p>Por otro lado, destac\u00f3: \u201cPara los que nos toca liderar una repartici\u00f3n del Estado, contar con un movimiento obrero acompa\u00f1ando a los trabajadores, impulsando la formaci\u00f3n, es muy importante. Es por eso que agradezco a cada dirigente y a los trabajadores que se levantan todos los d\u00edas para hacer de esta Ciudad una Ciudad pujante, una de las ciudades con mayor desarrollo del mundo\u201d.<\/p>\n<p>En esta primera edici\u00f3n del a\u00f1o, egresaron 204 delegadas y delegados, pertenecientes a m\u00e1s de 20 entidades sindicales con actuaci\u00f3n en el \u00e1mbito de la Ciudad Aut\u00f3noma de Buenos Aires. Hasta la fecha, ya recibieron sus diplomas las delegadas y delegados de UOMRA, Pl\u00e1stico UOYEP, Vidrio Seivara, UPPA CABA, SMATA, UOCRA, UTEDYC, UPCN, y ASSRA. Pr\u00f3ximamente se desarrollar\u00e1 una entrega m\u00e1s de certificados en la sede de AVVA para aquellos delegados pertenecientes a los dem\u00e1s gremios participantes.<\/p>\n<p>\u201cEl coraz\u00f3n de este Ciclo fueron ustedes, todos los delegados que participaron, que se acercaron, que confiaron que iba a ser una herramienta que les iba a servir para su d\u00eda a d\u00eda en sus labores. Queremos que la Subsecretar\u00eda de Trabajo sea la casa de los trabajadores, y para que eso suceda pensamos en generar una herramienta de capacitaci\u00f3n, de difusi\u00f3n de conocimientos y experiencias\u201d, concluy\u00f3 Jarvis.<\/p>\n<p>El Ciclo de Formaci\u00f3n estuvo compuesto por diez encuentros semanales de 2 horas de duraci\u00f3n, que trataron problem\u00e1ticas actuales diversas, entre los cuales se encuentran aquellos relacionados a la violencia laboral y de g\u00e9nero, al consumo problem\u00e1tico en el \u00e1mbito laboral, o a los desaf\u00edos laborales para hombres y mujeres en un mundo post COVID-19, frente al avance tecnol\u00f3gico y las nuevas modalidades de trabajo.<\/p>\n<p>\u201cAl finalizar el curso, ustedes pudieron realizar encuestas de satisfacci\u00f3n, y quiz\u00e1s pueda haber cuestiones para mejorar, haya dimensiones para incorporar, haya temas para ampliar pero quiero destacar el espacio de libertad en el que pudimos trabajar en este Ciclo, que es la cuesti\u00f3n m\u00e1s importante\u201d, resalt\u00f3, por su parte, Guillermo Zuccotti. Semana a semana asistieron delegados y delegadas pertenecientes a los siguientes sindicatos: UOMRA, UPPA, APSESBA, PL\u00c1STICO, SOIVA, SEIVARA, PANADEROS, UTEDYC, SUGARA, UTA, SMATA, VIAJANTES, CARGA Y DESCARGA, UPCN, UOCRA, MALETEROS, FAUPPA y SUTECBA.<\/p>\n<p>Cabe se\u00f1alar que el 13 de septiembre la Subsecretar\u00eda de Trabajo dio comienzo a un segundo Ciclo de Formaci\u00f3n para Delegados y Delegadas Sindicales el cual, en esta oportunidad, est\u00e1 dedicado a tem\u00e1ticas vinculadas a la seguridad social. El mismo tendr\u00e1 una duraci\u00f3n de 8 encuentros semanales de 2 horas, y se realiza en coordinaci\u00f3n con la Organizaci\u00f3n Iberoamericana de Seguridad Social (OISS).<\/p>\n","protected":false},"excerpt":{"rendered":"<p>El subsecretario de Trabajo, Industria y Comercio, Ezequiel Jarvis, encabez\u00f3 ayer la entrega de diplomas a los egresados del Ciclo de Formaci\u00f3n para delegadas y delegados sindicales, \u201cConstruyendo Di\u00e1logo para un Trabajo 2.0\u201d, en la sede de la UOM. Participaron de la jornada el coordinador de Formaci\u00f3n Sindical de UOCRA, Guillermo Zuccotti; el secretario General [&hellip;]<\/p>\n","protected":false},"author":2,"featured_media":40607,"comment_status":"open","ping_status":"open","sticky":false,"template":"","format":"standard","meta":{"_et_pb_use_builder":"","_et_pb_old_content":"","_et_gb_content_width":"","footnotes":""},"categories":[11,33],"tags":[],"class_list":["post-40606","post","type-post","status-publish","format-standard","has-post-thumbnail","hentry","category-ciudad","category-sociedad-y-cultura-2"],"_links":{"self":[{"href":"https:\/\/vocesdebaires.com.ar\/index.php\/wp-json\/wp\/v2\/posts\/40606"}],"collection":[{"href":"https:\/\/vocesdebaires.com.ar\/index.php\/wp-json\/wp\/v2\/posts"}],"about":[{"href":"https:\/\/vocesdebaires.com.ar\/index.php\/wp-json\/wp\/v2\/types\/post"}],"author":[{"embeddable":true,"href":"https:\/\/vocesdebaires.com.ar\/index.php\/wp-json\/wp\/v2\/users\/2"}],"replies":[{"embeddable":true,"href":"https:\/\/vocesdebaires.com.ar\/index.php\/wp-json\/wp\/v2\/comments?post=40606"}],"version-history":[{"count":2,"href":"https:\/\/vocesdebaires.com.ar\/index.php\/wp-json\/wp\/v2\/posts\/40606\/revisions"}],"predecessor-version":[{"id":40609,"href":"https:\/\/vocesdebaires.com.ar\/index.php\/wp-json\/wp\/v2\/posts\/40606\/revisions\/40609"}],"wp:featuredmedia":[{"embeddable":true,"href":"https:\/\/vocesdebaires.com.ar\/index.php\/wp-json\/wp\/v2\/media\/40607"}],"wp:attachment":[{"href":"https:\/\/vocesdebaires.com.ar\/index.php\/wp-json\/wp\/v2\/media?parent=40606"}],"wp:term":[{"taxonomy":"category","embeddable":true,"href":"https:\/\/vocesdebaires.com.ar\/index.php\/wp-json\/wp\/v2\/categories?post=40606"},{"taxonomy":"post_tag","embeddable":true,"href":"https:\/\/vocesdebaires.com.ar\/index.php\/wp-json\/wp\/v2\/tags?post=40606"}],"curies":[{"name":"wp","href":"https:\/\/api.w.org\/{rel}","templated":true}]}}