{"id":40616,"date":"2022-09-30T00:00:36","date_gmt":"2022-09-30T03:00:36","guid":{"rendered":"https:\/\/vocesdebaires.com.ar\/?p=40616"},"modified":"2022-09-29T22:26:50","modified_gmt":"2022-09-30T01:26:50","slug":"ciudad-barrio-olimpicofirmaron-oficiales-de-la-policiaescrituras-de-sus-nuevos-departamentos","status":"publish","type":"post","link":"https:\/\/vocesdebaires.com.ar\/index.php\/2022\/09\/30\/ciudad-barrio-olimpicofirmaron-oficiales-de-la-policiaescrituras-de-sus-nuevos-departamentos\/","title":{"rendered":"Ciudad:Firmaron oficiales de la Polic\u00eda,escrituras de viviendas"},"content":{"rendered":"<p>Las viviendas forman parte de un programa de beneficios para que los efectivos accedan a un techo propio. En el marco de los criterios de adjudicaci\u00f3n establecidos de los departamentos del Barrio Ol\u00edmpico, cinco oficiales de la Polic\u00eda de la Ciudad firmaron las escrituras de sus nuevas viviendas. \u201cHay muchos eventos lindos que nos tocan y este es uno de los m\u00e1s lindos, que es poder entregar la casa propia y lo que significa culturalmente eso para los argentinos. Ac\u00e1, desde el Gobierno de la Ciudad, el Ministerio y el Instituto de la Vivienda estamos haciendo lo que tenemos que hacer, que es acompa\u00f1ar y generar puentes para que puedan llegar hasta ac\u00e1 por sus propias condiciones.<\/p>\n<p>Hoy tienen que sentir orgullo, disfruten y nosotros estamos felices de darles la posibilidad de tener la casa propia\u201d, expres\u00f3 el ministro de Justicia y Seguridad, Marcelo D\u2019Alessandro. Los nuevos propietarios que recibieron la documentaci\u00f3n, fueron cuatro mujeres y un hombre, que atravesaron diferentes problem\u00e1ticas personales en sus anteriores residencias. \u201cPara m\u00ed es el sue\u00f1o de poder tener la casa propia y es una posibilidad grande que me dio la Polic\u00eda de la Ciudad\u201d, se\u00f1al\u00f3 la oficial primero, Lucila D\u00edaz.<\/p>\n<p>En el caso de las cuatro mujeres, los cr\u00e9ditos (blandos y en pesos) de acceso a estas viviendas los brind\u00f3 directamente el Instituto de la Vivienda de la Ciudad (IVC) sin intermediaci\u00f3n bancaria, ya que no eran elegibles para acceder al mismo. Por su parte, el presidente del IVC, Gabriel Mraida, dijo: \u201cGracias al trabajo en conjunto entre el Ministerio de Seguridad y el Instituto de Vivienda de la Ciudad, hoy 5 oficiales se suman a las m\u00e1s de 1000 familias que se mudaron a las nuevas viviendas del Barrio Ol\u00edmpico y pudieron cumplir el sue\u00f1o de tener la casa propia\u00bb.<\/p>\n<p>Y agreg\u00f3: \u00abPara nosotros es un orgullo contar con el trabajo permanente que realiza la Polic\u00eda de la Ciudad en los barrios populares, donde estamos llevando adelante procesos de integraci\u00f3n, con obras de vivienda e infraestructura\u00bb. De esta manera, ya se entregaron catorce escrituras a oficiales, con las nueve del 2021, y m\u00e1s de un centenar de efectivos que no ten\u00edan vivienda propia, ya residen en el nuevo barrio, ya que se estableci\u00f3 que un 10 por ciento de las unidades deb\u00edan ser destinadas a la fuerza de seguridad porte\u00f1a.<\/p>\n<p>La asignaci\u00f3n de departamentos a Polic\u00edas de la Ciudad se enmarca en los art\u00edculos 242 y 243 de la Ley 5688 de Seguridad P\u00fablica de la Ciudad, que implementa un Plan de Arraigo para que los oficiales tengan acceso a una vivienda \u00fanica familiar y para que sus hijos tengan acceso a la educaci\u00f3n. Como responsable de la entrega estuvo el \u00e1rea de Servicios Sociales y Prestaciones del Ministerio de Justicia y Seguridad, a cargo de Leila Ocampo. El Barrio Ol\u00edmpico es un complejo habitacional construido en los \u00faltimos a\u00f1os, que cuenta con 29 edificios y 1.047 departamentos de uno, dos y tres ambientes. Originalmente, fueron ocupados por atletas y entrenadores que participaron de los Juegos Ol\u00edmpicos de la Juventud de 2018.<\/p>\n<p>Una vez que finalizaron los juegos, los departamentos volvieron a ponerse en obra para adaptarse como viviendas, a las cuales accedieron los vecinos de la Ciudad a trav\u00e9s del Instituto de la Vivienda y de los cr\u00e9ditos hipotecarios blandos del Banco Ciudad. Dentro de los criterios de adjudicaci\u00f3n se estableci\u00f3 que el 50 por ciento de las viviendas fueran destinadas para vecinos de la Comuna 8, que puedan acreditar al menos cinco a\u00f1os de residencia. Adem\u00e1s, se fij\u00f3 que, del total de las viviendas, el 10 por ciento fueran destinadas para Polic\u00edas de la Ciudad y otro 10 por ciento para docentes que trabajan en escuelas p\u00fablicas de la Ciudad.<\/p>\n","protected":false},"excerpt":{"rendered":"<p>Las viviendas forman parte de un programa de beneficios para que los efectivos accedan a un techo propio. En el marco de los criterios de adjudicaci\u00f3n establecidos de los departamentos del Barrio Ol\u00edmpico, cinco oficiales de la Polic\u00eda de la Ciudad firmaron las escrituras de sus nuevas viviendas. \u201cHay muchos eventos lindos que nos tocan [&hellip;]<\/p>\n","protected":false},"author":2,"featured_media":40617,"comment_status":"open","ping_status":"open","sticky":false,"template":"","format":"standard","meta":{"_et_pb_use_builder":"","_et_pb_old_content":"","_et_gb_content_width":"","footnotes":""},"categories":[11,33],"tags":[],"class_list":["post-40616","post","type-post","status-publish","format-standard","has-post-thumbnail","hentry","category-ciudad","category-sociedad-y-cultura-2"],"_links":{"self":[{"href":"https:\/\/vocesdebaires.com.ar\/index.php\/wp-json\/wp\/v2\/posts\/40616"}],"collection":[{"href":"https:\/\/vocesdebaires.com.ar\/index.php\/wp-json\/wp\/v2\/posts"}],"about":[{"href":"https:\/\/vocesdebaires.com.ar\/index.php\/wp-json\/wp\/v2\/types\/post"}],"author":[{"embeddable":true,"href":"https:\/\/vocesdebaires.com.ar\/index.php\/wp-json\/wp\/v2\/users\/2"}],"replies":[{"embeddable":true,"href":"https:\/\/vocesdebaires.com.ar\/index.php\/wp-json\/wp\/v2\/comments?post=40616"}],"version-history":[{"count":3,"href":"https:\/\/vocesdebaires.com.ar\/index.php\/wp-json\/wp\/v2\/posts\/40616\/revisions"}],"predecessor-version":[{"id":40620,"href":"https:\/\/vocesdebaires.com.ar\/index.php\/wp-json\/wp\/v2\/posts\/40616\/revisions\/40620"}],"wp:featuredmedia":[{"embeddable":true,"href":"https:\/\/vocesdebaires.com.ar\/index.php\/wp-json\/wp\/v2\/media\/40617"}],"wp:attachment":[{"href":"https:\/\/vocesdebaires.com.ar\/index.php\/wp-json\/wp\/v2\/media?parent=40616"}],"wp:term":[{"taxonomy":"category","embeddable":true,"href":"https:\/\/vocesdebaires.com.ar\/index.php\/wp-json\/wp\/v2\/categories?post=40616"},{"taxonomy":"post_tag","embeddable":true,"href":"https:\/\/vocesdebaires.com.ar\/index.php\/wp-json\/wp\/v2\/tags?post=40616"}],"curies":[{"name":"wp","href":"https:\/\/api.w.org\/{rel}","templated":true}]}}