{"id":40650,"date":"2022-10-03T00:00:41","date_gmt":"2022-10-03T03:00:41","guid":{"rendered":"https:\/\/vocesdebaires.com.ar\/?p=40650"},"modified":"2022-10-02T19:37:59","modified_gmt":"2022-10-02T22:37:59","slug":"la-tarea-de-amia-para-promover-un-envejecimiento-saludable","status":"publish","type":"post","link":"https:\/\/vocesdebaires.com.ar\/index.php\/2022\/10\/03\/la-tarea-de-amia-para-promover-un-envejecimiento-saludable\/","title":{"rendered":"La tarea de AMIA para promover un envejecimiento saludable"},"content":{"rendered":"<p>Cada 1\u00b0 de octubre, a instancias de la Organizaci\u00f3n de las Naciones Unidas, se conmemora el D\u00eda Internacional de las Personas Mayores, fecha que este a\u00f1o tiene como lema y tem\u00e1tica principal \u00abLa resiliencia de las personas mayores en un mundo cambiante\u00bb.Desde su \u00e1rea de Personas Mayores, AMIA trabaja a diario para enfrentar los retos y desaf\u00edos que conlleva el envejecimiento de la poblaci\u00f3n. Lograr que las personas vivan esta etapa de manera activa y saludable, y que cuenten con recursos para que puedan adaptarse adecuadamente a nuevos y distintos escenarios son dos objetivos centrales de la tarea que se desarrolla.<\/p>\n<p>El Centro de Atenci\u00f3n Integral para Personas Mayores \u00abJofesh\u00bb es una referencia en la regi\u00f3n en t\u00e9rminos de atenci\u00f3n gerontol\u00f3gica profesional e integral. Ubicado en Uriburu 650, el lugar ha sido distinguido en diferentes oportunidades por su abordaje profesional para promover activamente los derechos en la vejez, y propiciar la autonom\u00eda de las personas mayores. Creado hace m\u00e1s de 16 a\u00f1os, \u00abJofesh\u00bb ofrece una grilla de m\u00e1s de 30 propuestas pensadas para satisfacer las preferencias, intereses y necesidades del p\u00fablico destinatario: desde espacios de relajaci\u00f3n y reeducaci\u00f3n postural, arte, teatro, danzas modernas y gimnasia hasta rikudim, musicoterapia, taller de tecnolog\u00eda, espacios de reflexi\u00f3n, narrativa y estimulaci\u00f3n cognitiva.<\/p>\n<p>El centro de d\u00eda de AMIA recibe a m\u00e1s de 500 personas por semana. Apoyado en una s\u00f3lida estructura profesional e interdisciplinaria con formaci\u00f3n gerontol\u00f3gica, el lugar ofrece cotidianamente ejemplos de c\u00f3mo el hecho de mantenerse activas ayuda a las personas a lograr una mejor calidad de vida. \u201cMejorar la protecci\u00f3n de los derechos humanos de las personas mayores y trabajar en pos de la calidad de vida y del envejecimiento activo y saludable es el gran prop\u00f3sito de la tarea social que llevamos adelante\u201d, destac\u00f3 Sebasti\u00e1n Fridman, coordinador general del \u00e1rea de Personas Mayores de AMIA. \u00bfC\u00f3mo se logra un envejecimiento activo y saludable? \u201cLas claves est\u00e1n en seguir estilos de vida que contemplen en primer lugar la actividad f\u00edsica. Es central estar en movimiento.<\/p>\n<p>Otro punto importante es mantener una alimentaci\u00f3n adecuada. Y en tercer lugar, la participaci\u00f3n social.\u00a0 Es esencial tener proyectos vitales que le den sentido a nuestra vida, en continua vinculaci\u00f3n con redes de pares. Sobre este \u00faltimo punto, podemos dar sobradas muestras a trav\u00e9s de lo que vemos en nuestra tarea cotidiana. A diario comprobamos el valor fundamental que cumple el compartir momentos con otros\u00bb, precisa el coordinador general. \u201cNuestro desaf\u00edo es poder ofrecer nuevas respuestas ante las necesidades que plantea el envejecimiento de la poblaci\u00f3n en estos tiempos, en los cuales -por ejemplo- la inclusi\u00f3n digital y la resocializaci\u00f3n tras la pandemia adquieren una importancia vital, que no pueden ser desatendidas\u00bb, agreg\u00f3 Sebasti\u00e1n Fridman.<\/p>\n<p>\u201cPromover el desarrollo de una sociedad para todas las edades es fundamental en este aspecto. Por eso, las actividades que realizamos desde el \u00e1rea de Personas Mayores est\u00e1n dise\u00f1adas y pensadas para lograr el mantenimiento del nivel de autonom\u00eda de las personas, el apoyo social y asistencial a las familias, el fomento de la socializaci\u00f3n y la participaci\u00f3n y vinculaci\u00f3n entre pares.\u201d \u201cLas personas mayores nos han demostrado en muchos casos, y sobre todo ante escenarios tan complejos como los que hemos tenido que atravesar \u00faltimamente, que han podido afrontar favorablemente las situaciones adversas que se han presentado. Pusieron de manifiesto una importante capacidad de resiliencia\u201d, concluy\u00f3.<\/p>\n","protected":false},"excerpt":{"rendered":"<p>Cada 1\u00b0 de octubre, a instancias de la Organizaci\u00f3n de las Naciones Unidas, se conmemora el D\u00eda Internacional de las Personas Mayores, fecha que este a\u00f1o tiene como lema y tem\u00e1tica principal \u00abLa resiliencia de las personas mayores en un mundo cambiante\u00bb.Desde su \u00e1rea de Personas Mayores, AMIA trabaja a diario para enfrentar los retos [&hellip;]<\/p>\n","protected":false},"author":2,"featured_media":40651,"comment_status":"open","ping_status":"open","sticky":false,"template":"","format":"standard","meta":{"_et_pb_use_builder":"","_et_pb_old_content":"","_et_gb_content_width":"","footnotes":""},"categories":[11,33],"tags":[],"class_list":["post-40650","post","type-post","status-publish","format-standard","has-post-thumbnail","hentry","category-ciudad","category-sociedad-y-cultura-2"],"_links":{"self":[{"href":"https:\/\/vocesdebaires.com.ar\/index.php\/wp-json\/wp\/v2\/posts\/40650"}],"collection":[{"href":"https:\/\/vocesdebaires.com.ar\/index.php\/wp-json\/wp\/v2\/posts"}],"about":[{"href":"https:\/\/vocesdebaires.com.ar\/index.php\/wp-json\/wp\/v2\/types\/post"}],"author":[{"embeddable":true,"href":"https:\/\/vocesdebaires.com.ar\/index.php\/wp-json\/wp\/v2\/users\/2"}],"replies":[{"embeddable":true,"href":"https:\/\/vocesdebaires.com.ar\/index.php\/wp-json\/wp\/v2\/comments?post=40650"}],"version-history":[{"count":1,"href":"https:\/\/vocesdebaires.com.ar\/index.php\/wp-json\/wp\/v2\/posts\/40650\/revisions"}],"predecessor-version":[{"id":40652,"href":"https:\/\/vocesdebaires.com.ar\/index.php\/wp-json\/wp\/v2\/posts\/40650\/revisions\/40652"}],"wp:featuredmedia":[{"embeddable":true,"href":"https:\/\/vocesdebaires.com.ar\/index.php\/wp-json\/wp\/v2\/media\/40651"}],"wp:attachment":[{"href":"https:\/\/vocesdebaires.com.ar\/index.php\/wp-json\/wp\/v2\/media?parent=40650"}],"wp:term":[{"taxonomy":"category","embeddable":true,"href":"https:\/\/vocesdebaires.com.ar\/index.php\/wp-json\/wp\/v2\/categories?post=40650"},{"taxonomy":"post_tag","embeddable":true,"href":"https:\/\/vocesdebaires.com.ar\/index.php\/wp-json\/wp\/v2\/tags?post=40650"}],"curies":[{"name":"wp","href":"https:\/\/api.w.org\/{rel}","templated":true}]}}