{"id":40653,"date":"2022-10-03T00:00:47","date_gmt":"2022-10-03T03:00:47","guid":{"rendered":"https:\/\/vocesdebaires.com.ar\/?p=40653"},"modified":"2022-10-02T19:41:16","modified_gmt":"2022-10-02T22:41:16","slug":"larreta-participo-de-la-gran-fiesta-del-tc2000-que-se-vivio-en-la-ciudad","status":"publish","type":"post","link":"https:\/\/vocesdebaires.com.ar\/index.php\/2022\/10\/03\/larreta-participo-de-la-gran-fiesta-del-tc2000-que-se-vivio-en-la-ciudad\/","title":{"rendered":"Larreta particip\u00f3 de la gran fiesta del TC2000 que se vivi\u00f3 en la Ciudad"},"content":{"rendered":"<p>La Ciudad vibr\u00f3 este domingo en el Aut\u00f3dromo Oscar y Juan G\u00e1lvez con el TC2000, la categor\u00eda m\u00e1s tecnol\u00f3gica de Sudam\u00e9rica. Este evento, que tuvo la presencia de Horacio Rodr\u00edguez Larreta, se denomin\u00f3 \u00abLos 200 kil\u00f3metros de Buenos Aires\u00bb. Cada equipo lo integraron dos pilotos que se turnaron para manejar el auto y afrontar el extremo desaf\u00edo. \u00abEl deporte es un gran formador de valores y un motor de inclusi\u00f3n que transforma realidades. Por eso, desde la Ciudad vamos a seguir impulsando encuentros, invirtiendo en obras de infraestructura y educando en el deporte, para que todas las personas que viven y nos visitan en la Ciudad puedan disfrutar las actividades que suman a su bienestar integral\u00bb, resalt\u00f3 el Jefe de Gobierno porte\u00f1o, quien recorri\u00f3 los boxes en la gran fiesta del automovilismo argentino y disfrut\u00f3 al igual que lo hicieron miles de vecinos y turistas.<\/p>\n<p>La carrera, que se desarroll\u00f3 en el trazado n\u00famero 9 del Aut\u00f3dromo, tuvo como atractivo extra la presencia de pilotos invitados, que formaron dupla con los titulares para encarar los 200 kil\u00f3metros programados. Entre otros, Norberto Fontana, el ex F\u00f3rmula 1, manej\u00f3 el Fiat Cronos de Emiliano Spataro; Mat\u00edas Rossi, acompa\u00f1\u00f3 al mendocino Juli\u00e1n Santero en su Toyota Corolla; mientras que Christian Ledesma y Agust\u00edn Canapino estuvieron a bordo del Chevrolet Cruze. Participaron 38 corredores, agrupados en 19 binomios. El TC2000 se corre desde 2004. A trav\u00e9s de los a\u00f1os tuvo la presencia de pilotos reconocidos como Alain Menu, Nicola Larini, Luciano Burti, Carlos \u201cCac\u00e1\u201d Buenos, Ricardo Zonta, Christian<\/p>\n<p>Fittipaldi, Eliseo Salazar, Ricardo Maur\u00edcio, Jordi Gen\u00e9, Anthony Reid, Rickard Rydell, Robert Huff, Santiago Urrutia y Tom Coronel. Como parte de la fiesta de los 200 Kil\u00f3metros de Buenos Aires del TC2000 hubo varios reconocimientos para todos los representantes hist\u00f3ricos de la categor\u00eda. Muchos autos cl\u00e1sicos y algunas r\u00e9plicas pudieron verse de cerca este fin de semana en el Aut\u00f3dromo Oscar y Juan G\u00e1lvez.<br \/>\nFotos: Juan Cruz Corrado\/GCBA<\/p>\n","protected":false},"excerpt":{"rendered":"<p>La Ciudad vibr\u00f3 este domingo en el Aut\u00f3dromo Oscar y Juan G\u00e1lvez con el TC2000, la categor\u00eda m\u00e1s tecnol\u00f3gica de Sudam\u00e9rica. Este evento, que tuvo la presencia de Horacio Rodr\u00edguez Larreta, se denomin\u00f3 \u00abLos 200 kil\u00f3metros de Buenos Aires\u00bb. Cada equipo lo integraron dos pilotos que se turnaron para manejar el auto y afrontar el [&hellip;]<\/p>\n","protected":false},"author":2,"featured_media":40654,"comment_status":"open","ping_status":"open","sticky":false,"template":"","format":"standard","meta":{"_et_pb_use_builder":"","_et_pb_old_content":"","_et_gb_content_width":"","footnotes":""},"categories":[11,33],"tags":[],"class_list":["post-40653","post","type-post","status-publish","format-standard","has-post-thumbnail","hentry","category-ciudad","category-sociedad-y-cultura-2"],"_links":{"self":[{"href":"https:\/\/vocesdebaires.com.ar\/index.php\/wp-json\/wp\/v2\/posts\/40653"}],"collection":[{"href":"https:\/\/vocesdebaires.com.ar\/index.php\/wp-json\/wp\/v2\/posts"}],"about":[{"href":"https:\/\/vocesdebaires.com.ar\/index.php\/wp-json\/wp\/v2\/types\/post"}],"author":[{"embeddable":true,"href":"https:\/\/vocesdebaires.com.ar\/index.php\/wp-json\/wp\/v2\/users\/2"}],"replies":[{"embeddable":true,"href":"https:\/\/vocesdebaires.com.ar\/index.php\/wp-json\/wp\/v2\/comments?post=40653"}],"version-history":[{"count":1,"href":"https:\/\/vocesdebaires.com.ar\/index.php\/wp-json\/wp\/v2\/posts\/40653\/revisions"}],"predecessor-version":[{"id":40655,"href":"https:\/\/vocesdebaires.com.ar\/index.php\/wp-json\/wp\/v2\/posts\/40653\/revisions\/40655"}],"wp:featuredmedia":[{"embeddable":true,"href":"https:\/\/vocesdebaires.com.ar\/index.php\/wp-json\/wp\/v2\/media\/40654"}],"wp:attachment":[{"href":"https:\/\/vocesdebaires.com.ar\/index.php\/wp-json\/wp\/v2\/media?parent=40653"}],"wp:term":[{"taxonomy":"category","embeddable":true,"href":"https:\/\/vocesdebaires.com.ar\/index.php\/wp-json\/wp\/v2\/categories?post=40653"},{"taxonomy":"post_tag","embeddable":true,"href":"https:\/\/vocesdebaires.com.ar\/index.php\/wp-json\/wp\/v2\/tags?post=40653"}],"curies":[{"name":"wp","href":"https:\/\/api.w.org\/{rel}","templated":true}]}}