{"id":40660,"date":"2022-10-04T11:32:30","date_gmt":"2022-10-04T14:32:30","guid":{"rendered":"https:\/\/vocesdebaires.com.ar\/?p=40660"},"modified":"2022-10-04T11:32:30","modified_gmt":"2022-10-04T14:32:30","slug":"ciudadnueva-edicion-la-semana-del-arte-con-mas-de-100-actividades","status":"publish","type":"post","link":"https:\/\/vocesdebaires.com.ar\/index.php\/2022\/10\/04\/ciudadnueva-edicion-la-semana-del-arte-con-mas-de-100-actividades\/","title":{"rendered":"Ciudad:Nueva edici\u00f3n, la Semana del Arte con m\u00e1s de 100 actividades"},"content":{"rendered":"<p>Hasta hoy martes 4 de octubre, se realiza la Semana del Arte, el evento que llena de arte contempor\u00e1neo las calles y los espacios de la Ciudad. La actividad es organizada por el Ministerio de Cultura de la Ciudad, en colaboraci\u00f3n con la Fundaci\u00f3n Medif\u00e9. Durante ocho d\u00edas se puso el foco en la escena art\u00edstica local, unificando un calendario art\u00edstico que comenz\u00f3 con la feria Pinta BAphoto, contin\u00faa con la Semana del Arte y la Bienal de Arquitectura, y concluye con la feria de arte contempor\u00e1neo ARTEBA.<\/p>\n<p>\u201cEsta iniciativa es el reflejo del trabajo en conjunto para seguir fortaleciendo y amplificando nuestra oferta de arte contempor\u00e1neo. Es una de las propuestas m\u00e1s completas y diversas de la Ciudad porque se integra al espacio p\u00fablico y acerca el arte a vecinos, vecinas y visitantes. Cada edici\u00f3n del evento es distinta y cuenta con su propia identidad, gracias a los artistas ganadores de la convocatoria abierta que se realiza a\u00f1o a a\u00f1o\u201d, sostuvo el ministro de Cultura de la Ciudad, Enrique Avogadro.<\/p>\n","protected":false},"excerpt":{"rendered":"<p>Hasta hoy martes 4 de octubre, se realiza la Semana del Arte, el evento que llena de arte contempor\u00e1neo las calles y los espacios de la Ciudad. La actividad es organizada por el Ministerio de Cultura de la Ciudad, en colaboraci\u00f3n con la Fundaci\u00f3n Medif\u00e9. Durante ocho d\u00edas se puso el foco en la escena [&hellip;]<\/p>\n","protected":false},"author":2,"featured_media":40661,"comment_status":"open","ping_status":"open","sticky":false,"template":"","format":"standard","meta":{"_et_pb_use_builder":"","_et_pb_old_content":"","_et_gb_content_width":"","footnotes":""},"categories":[11,33],"tags":[],"class_list":["post-40660","post","type-post","status-publish","format-standard","has-post-thumbnail","hentry","category-ciudad","category-sociedad-y-cultura-2"],"_links":{"self":[{"href":"https:\/\/vocesdebaires.com.ar\/index.php\/wp-json\/wp\/v2\/posts\/40660"}],"collection":[{"href":"https:\/\/vocesdebaires.com.ar\/index.php\/wp-json\/wp\/v2\/posts"}],"about":[{"href":"https:\/\/vocesdebaires.com.ar\/index.php\/wp-json\/wp\/v2\/types\/post"}],"author":[{"embeddable":true,"href":"https:\/\/vocesdebaires.com.ar\/index.php\/wp-json\/wp\/v2\/users\/2"}],"replies":[{"embeddable":true,"href":"https:\/\/vocesdebaires.com.ar\/index.php\/wp-json\/wp\/v2\/comments?post=40660"}],"version-history":[{"count":2,"href":"https:\/\/vocesdebaires.com.ar\/index.php\/wp-json\/wp\/v2\/posts\/40660\/revisions"}],"predecessor-version":[{"id":40663,"href":"https:\/\/vocesdebaires.com.ar\/index.php\/wp-json\/wp\/v2\/posts\/40660\/revisions\/40663"}],"wp:featuredmedia":[{"embeddable":true,"href":"https:\/\/vocesdebaires.com.ar\/index.php\/wp-json\/wp\/v2\/media\/40661"}],"wp:attachment":[{"href":"https:\/\/vocesdebaires.com.ar\/index.php\/wp-json\/wp\/v2\/media?parent=40660"}],"wp:term":[{"taxonomy":"category","embeddable":true,"href":"https:\/\/vocesdebaires.com.ar\/index.php\/wp-json\/wp\/v2\/categories?post=40660"},{"taxonomy":"post_tag","embeddable":true,"href":"https:\/\/vocesdebaires.com.ar\/index.php\/wp-json\/wp\/v2\/tags?post=40660"}],"curies":[{"name":"wp","href":"https:\/\/api.w.org\/{rel}","templated":true}]}}