{"id":40670,"date":"2022-10-04T11:39:07","date_gmt":"2022-10-04T14:39:07","guid":{"rendered":"https:\/\/vocesdebaires.com.ar\/?p=40670"},"modified":"2022-10-04T11:39:07","modified_gmt":"2022-10-04T14:39:07","slug":"hoy-comienza-iom-kipur-el-dia-mas-sagrado-del-calendario-hebreo","status":"publish","type":"post","link":"https:\/\/vocesdebaires.com.ar\/index.php\/2022\/10\/04\/hoy-comienza-iom-kipur-el-dia-mas-sagrado-del-calendario-hebreo\/","title":{"rendered":"Hoy comienza Iom Kipur, el d\u00eda m\u00e1s sagrado del calendario hebreo"},"content":{"rendered":"<p>Este a\u00f1o Iom Kipur comienza a partir de la puesta del sol del martes 4 de octubre, con el encendido de las velas a las 18.41 hs., hasta la noche del mi\u00e9rcoles 5 de octubre a las 19.38 hs.<br \/>\nUno de los deseos m\u00e1s nobles que suelen expresar los miembros de la comunidad, antes y durante Yom Kipur, es \u201cGmar Jatim\u00e1 Tov\u00e1\u201d. Su traducci\u00f3n literal es \u201cque tengamos un buen sellado final\u201d y su significado es \u201cel deseo de que seamos inscriptos en el libro de la vida\u201d Iom Kipur (d\u00eda de la expiaci\u00f3n, tambi\u00e9n llamado d\u00eda del perd\u00f3n y del arrepentimiento de coraz\u00f3n o de un arrepentimiento sincero), es considerado el d\u00eda m\u00e1s santo y m\u00e1s solemne del a\u00f1o.<\/p>\n<p>Su tema central es la expiaci\u00f3n y la reconciliaci\u00f3n, que se celebra el 10 de Tishiri. Es un d\u00eda de ayuno, que comienza en el ocaso, y termina al anochecer del d\u00eda siguiente, que al contrario de la creencia popular no es un d\u00eda triste o de duelo como el resto de los d\u00edas de ayuno del calendario hebreo, pues el jud\u00edo est\u00e1 obligado, en este d\u00eda, a desligarse totalmente de su vida cotidiana y consagrar todas sus fuerzas para purificarse, para expiar los errores del a\u00f1o trascurrido y retornar a D\u2019s.<\/p>\n<p><strong>Iom Kipur<\/strong><br \/>\nComienza con la puesta de sol (18.41 hs.) y se extiende hasta la noche del d\u00eda siguiente, cuando salen las estrellas (19.38 hs.). Para hacer m\u00e1s f\u00e1cil el ayuno, el d\u00eda previo se recomienda ingerir alg\u00fan alimento cada dos horas, y en la seuda mafseket (la comida anterior al ayuno) es considerada festiva. En ella es conveniente consumir una porci\u00f3n moderada de alimentos preparados con muy poca sal, para no acelerar el proceso digestivo y no tener sed. No conviene tomar caf\u00e9 o bebidas cola porque la cafe\u00edna que contienen act\u00faa como diur\u00e9tico.<\/p>\n<p>Generalmente despu\u00e9s de una comida uno suele tener mucha sed, por lo que se recomienda completar el banquete festivo dejando alg\u00fan tiempo extra antes de la puesta de sol para beber algo: una taza de alg\u00fan t\u00e9 liviano o de agua tibia o caliente con az\u00facar, ayudar\u00e1 a estar menos sediento durante el ayuno. En la v\u00edspera de Iom Kipur, tambi\u00e9n llamado el \u00abd\u00eda sagrado\u00bb se acostumbra a realizar kaparot (ceremonia de expiaci\u00f3n). En Iom Kipur se acostumbra a vestir ropa blanca (llamada Kitel), pues el color blanco es un s\u00edmbolo de pureza. Como est\u00e1 escrito en Ishaia\u00fa (Isa\u00edas) Cap. 1 vers. 18: \u201caunque vuestros pecados sean como la grana, tornarse tan blancos como la nieve\u201d<\/p>\n","protected":false},"excerpt":{"rendered":"<p>Este a\u00f1o Iom Kipur comienza a partir de la puesta del sol del martes 4 de octubre, con el encendido de las velas a las 18.41 hs., hasta la noche del mi\u00e9rcoles 5 de octubre a las 19.38 hs. Uno de los deseos m\u00e1s nobles que suelen expresar los miembros de la comunidad, antes y [&hellip;]<\/p>\n","protected":false},"author":2,"featured_media":40671,"comment_status":"open","ping_status":"open","sticky":false,"template":"","format":"standard","meta":{"_et_pb_use_builder":"","_et_pb_old_content":"","_et_gb_content_width":"","footnotes":""},"categories":[11,33],"tags":[],"class_list":["post-40670","post","type-post","status-publish","format-standard","has-post-thumbnail","hentry","category-ciudad","category-sociedad-y-cultura-2"],"_links":{"self":[{"href":"https:\/\/vocesdebaires.com.ar\/index.php\/wp-json\/wp\/v2\/posts\/40670"}],"collection":[{"href":"https:\/\/vocesdebaires.com.ar\/index.php\/wp-json\/wp\/v2\/posts"}],"about":[{"href":"https:\/\/vocesdebaires.com.ar\/index.php\/wp-json\/wp\/v2\/types\/post"}],"author":[{"embeddable":true,"href":"https:\/\/vocesdebaires.com.ar\/index.php\/wp-json\/wp\/v2\/users\/2"}],"replies":[{"embeddable":true,"href":"https:\/\/vocesdebaires.com.ar\/index.php\/wp-json\/wp\/v2\/comments?post=40670"}],"version-history":[{"count":1,"href":"https:\/\/vocesdebaires.com.ar\/index.php\/wp-json\/wp\/v2\/posts\/40670\/revisions"}],"predecessor-version":[{"id":40672,"href":"https:\/\/vocesdebaires.com.ar\/index.php\/wp-json\/wp\/v2\/posts\/40670\/revisions\/40672"}],"wp:featuredmedia":[{"embeddable":true,"href":"https:\/\/vocesdebaires.com.ar\/index.php\/wp-json\/wp\/v2\/media\/40671"}],"wp:attachment":[{"href":"https:\/\/vocesdebaires.com.ar\/index.php\/wp-json\/wp\/v2\/media?parent=40670"}],"wp:term":[{"taxonomy":"category","embeddable":true,"href":"https:\/\/vocesdebaires.com.ar\/index.php\/wp-json\/wp\/v2\/categories?post=40670"},{"taxonomy":"post_tag","embeddable":true,"href":"https:\/\/vocesdebaires.com.ar\/index.php\/wp-json\/wp\/v2\/tags?post=40670"}],"curies":[{"name":"wp","href":"https:\/\/api.w.org\/{rel}","templated":true}]}}