{"id":40686,"date":"2022-10-06T11:28:31","date_gmt":"2022-10-06T14:28:31","guid":{"rendered":"https:\/\/vocesdebaires.com.ar\/?p=40686"},"modified":"2022-10-06T11:28:31","modified_gmt":"2022-10-06T14:28:31","slug":"nuevo-encuentroel-sector-privado-y-emprendedores-de-la-economia-social","status":"publish","type":"post","link":"https:\/\/vocesdebaires.com.ar\/index.php\/2022\/10\/06\/nuevo-encuentroel-sector-privado-y-emprendedores-de-la-economia-social\/","title":{"rendered":"Nuevo encuentro:El sector privado y emprendedores de la econom\u00eda social"},"content":{"rendered":"<p>El Ministerio de Desarrollo Humano y H\u00e1bitat de la Ciudad de Buenos Aires llev\u00f3 adelante la quinta edici\u00f3n del encuentro \u201cLa Ronda\u201d, del que participaron empresas grandes, medianas y peque\u00f1as, junto a cooperativas, unidades productivas, emprendedores sociales y actores de la econom\u00eda social y popular de la Ciudad. El evento se realiz\u00f3 en el Parque de la Estaci\u00f3n, en Balvanera.\u00a0 El prop\u00f3sito de esta nueva edici\u00f3n, y primer aniversario, de \u201cLa Ronda\u201d fue dar a conocer la oferta de regalos y cajas de fin de a\u00f1o realizados por emprendedores y cooperativas de la econom\u00eda social y popular y la econom\u00eda circular de la Ciudad para promover oportunidades de integraci\u00f3n econ\u00f3mica y desarrollo.<\/p>\n<p>\u00abEstamos muy contentos de c\u00f3mo se va consolidando en la ciudad un espacio que antes no exist\u00eda, el del intercambio directo entre sector privado y emprendimientos de la econom\u00eda social y popular. Cada edici\u00f3n se suman m\u00e1s participantes de ambos lados, lo que demuestra que este sector tiene mucha potencialidad\u201d expres\u00f3 la Subsecretaria de Desarrollo del Potencial Humano, Belen Barreto. Y agreg\u00f3: \u201cNosotros desde el Estado vamos a seguir trabajando para que estas experiencias se reproduzcan y agradecemos el acompa\u00f1amiento y la confianza que hace el sector privado de invertir en compras que tienen sustentabilidad social\u00bb. \u201cLa Ronda\u201d se enmarca en el programa de Compras Sustentables de la Subsecretar\u00eda de Desarrollo de Potencial Humano.<\/p>\n<p>Lo que busca el programa es ampliar los canales de comercializaci\u00f3n de la econom\u00eda social y popular. Otra de las iniciativas en el mismo sentido es la plataforma de Valor Popular, que es de compra sustentable y funciona con un cat\u00e1logo digital a trav\u00e9s de la web. Del evento participaron importantes actores del sector privado que conocieron las propuestas de 15 unidades productivas (emprendedores, peque\u00f1os comercios y cooperativas) de la econom\u00eda social de la Ciudad. Entre las unidades productivas que participan del evento se encuentran Amazonas, Maleza, Urdimbre Ra\u00edz, Alma Reciclada, La vivera org\u00e1nica, Esquina Libertad, Rolta, LDP, 10 de marzo, Mugica Emprende, Pynnoli, Enredo, Loka Veroka.<\/p>\n","protected":false},"excerpt":{"rendered":"<p>El Ministerio de Desarrollo Humano y H\u00e1bitat de la Ciudad de Buenos Aires llev\u00f3 adelante la quinta edici\u00f3n del encuentro \u201cLa Ronda\u201d, del que participaron empresas grandes, medianas y peque\u00f1as, junto a cooperativas, unidades productivas, emprendedores sociales y actores de la econom\u00eda social y popular de la Ciudad. El evento se realiz\u00f3 en el Parque [&hellip;]<\/p>\n","protected":false},"author":3,"featured_media":40687,"comment_status":"open","ping_status":"open","sticky":false,"template":"","format":"standard","meta":{"_et_pb_use_builder":"","_et_pb_old_content":"","_et_gb_content_width":"","footnotes":""},"categories":[11,33],"tags":[],"class_list":["post-40686","post","type-post","status-publish","format-standard","has-post-thumbnail","hentry","category-ciudad","category-sociedad-y-cultura-2"],"_links":{"self":[{"href":"https:\/\/vocesdebaires.com.ar\/index.php\/wp-json\/wp\/v2\/posts\/40686"}],"collection":[{"href":"https:\/\/vocesdebaires.com.ar\/index.php\/wp-json\/wp\/v2\/posts"}],"about":[{"href":"https:\/\/vocesdebaires.com.ar\/index.php\/wp-json\/wp\/v2\/types\/post"}],"author":[{"embeddable":true,"href":"https:\/\/vocesdebaires.com.ar\/index.php\/wp-json\/wp\/v2\/users\/3"}],"replies":[{"embeddable":true,"href":"https:\/\/vocesdebaires.com.ar\/index.php\/wp-json\/wp\/v2\/comments?post=40686"}],"version-history":[{"count":1,"href":"https:\/\/vocesdebaires.com.ar\/index.php\/wp-json\/wp\/v2\/posts\/40686\/revisions"}],"predecessor-version":[{"id":40688,"href":"https:\/\/vocesdebaires.com.ar\/index.php\/wp-json\/wp\/v2\/posts\/40686\/revisions\/40688"}],"wp:featuredmedia":[{"embeddable":true,"href":"https:\/\/vocesdebaires.com.ar\/index.php\/wp-json\/wp\/v2\/media\/40687"}],"wp:attachment":[{"href":"https:\/\/vocesdebaires.com.ar\/index.php\/wp-json\/wp\/v2\/media?parent=40686"}],"wp:term":[{"taxonomy":"category","embeddable":true,"href":"https:\/\/vocesdebaires.com.ar\/index.php\/wp-json\/wp\/v2\/categories?post=40686"},{"taxonomy":"post_tag","embeddable":true,"href":"https:\/\/vocesdebaires.com.ar\/index.php\/wp-json\/wp\/v2\/tags?post=40686"}],"curies":[{"name":"wp","href":"https:\/\/api.w.org\/{rel}","templated":true}]}}