{"id":40696,"date":"2022-10-06T12:07:12","date_gmt":"2022-10-06T15:07:12","guid":{"rendered":"https:\/\/vocesdebaires.com.ar\/?p=40696"},"modified":"2022-10-06T12:07:12","modified_gmt":"2022-10-06T15:07:12","slug":"rodriguez-larreta-presento-la-cumbre-mundial-de-alcaldes-de-c40","status":"publish","type":"post","link":"https:\/\/vocesdebaires.com.ar\/index.php\/2022\/10\/06\/rodriguez-larreta-presento-la-cumbre-mundial-de-alcaldes-de-c40\/","title":{"rendered":"Rodr\u00edguez Larreta present\u00f3 la Cumbre Mundial de Alcaldes de C40"},"content":{"rendered":"<p>El jefe de Gobierno porte\u00f1o, Horacio Rodr\u00edguez Larreta, present\u00f3 la Cumbre Mundial de Alcaldes de C40, el evento global m\u00e1s importante sobre ciudades y cambio clim\u00e1tico, que se realizar\u00e1 del 19 al 21 de octubre en Buenos Aires. El Jefe de Gobierno destac\u00f3 que se trata del \u201cevento internacional m\u00e1s importante del a\u00f1o para todo el pa\u00eds\u201d y que, luego de la cumbre de presidentes del G20 realizada en 2018, \u201clos ojos del mundo van a volver a estar puestos en Buenos Aires y en la Argentina, porque vamos a estar discutiendo ac\u00e1 el cuidado del planeta\u201d.<\/p>\n<p>Rodr\u00edguez Larreta se\u00f1al\u00f3 adem\u00e1s que la cumbre \u201ces una oportunidad m\u00e1s, una nueva que tenemos todos los argentinos de abrirnos, de relacionarnos con otras ciudades, con otros pa\u00edses, y de demostrar que tenemos un lugar protag\u00f3nico en las discusiones globales y que podemos ser protagonistas en el escenario internacional\u201d. El Jefe del Gobierno remarc\u00f3 que la red C40 ya agrupa a \u201cm\u00e1s de 100 ciudades que suponen un cuarto de la econom\u00eda global, con 700 millones de personas\u201d. Adem\u00e1s, adelant\u00f3 que en el evento que se realizar\u00e1 en Buenos Aires habr\u00e1 \u201c121 alcaldes, el doble de los que participaron en la cumbre realizada en Copenhague (Dinamarca), en 2019\u201d.<\/p>\n<p>La cumbre contar\u00e1 tambi\u00e9n con la presencia de 150 intendentes de ciudades de todo el pa\u00eds. \u201cVenimos construyendo una red federal que intercambia experiencias para el cuidado del cambio clim\u00e1tico\u201d, detall\u00f3 Rodr\u00edguez Larreta, acompa\u00f1ado por el jefe de Gabinete, Felipe Miguel; el ministro de Gobierno, Jorge Macri; la ministra de Educaci\u00f3n, Soledad Acu\u00f1a; la ministra de Espacio P\u00fablico e Higiene Urbana, Clara Muzzio; el secretario general y de Relaciones Internacionales, Fernando Straface; y la secretaria de Ambiente, Mar\u00eda In\u00e9s Gorbea.<\/p>\n<p>El Jefe de Gobierno explic\u00f3 que la cumbre tendr\u00e1 tres ejes centrales: \u201cla recuperaci\u00f3n verde y justa con creaci\u00f3n de empleo\u201d, \u201clas Ciudades de Bienestar, que ponen al ciudadano en el centro de las pol\u00edticas p\u00fablicas\u201d y el \u201cacceso al financiamiento\u201d para proyectos ambientales. Adem\u00e1s, destac\u00f3 que Buenos Aires cre\u00f3 junto a otras ciudades del pa\u00eds el Plan de Acci\u00f3n Clim\u00e1tica 2050. \u201cHace cinco a\u00f1os tomamos el compromiso de ser una ciudad carbono neutral.<\/p>\n<p><strong>Sobre el C40<\/strong><br \/>\nLa Cumbre Mundial de Alcaldes de C40 se realizar\u00e1 del 19 al 21 de octubre en la ciudad de Buenos Aires. Durante el evento, los alcaldes debatir\u00e1n compromisos clim\u00e1ticos en tres ejes: recuperaci\u00f3n verde, justa e inclusiva con creaci\u00f3n de empleo; ciudades del bienestar; y financiamiento verde, con especial foco en Am\u00e9rica Latina. Junto al alcalde de Londres y presidente de C40, Sadiq Khan, Rodr\u00edguez Larreta liderar\u00e1 la cumbre, a la que ya confirmaron su participaci\u00f3n los alcaldes de m\u00e1s de 100 ciudades globales de los cinco continentes, 23 de ellas capitales, y los intendentes de 150 ciudades argentinas.<\/p>\n<p>Entre los alcaldes confirmados se destacan Anne Hidalgo, alcaldesa de Par\u00eds; Jos\u00e9 Luis Mart\u00ednez Almeida, alcalde de Madrid; Ada Colau, alcaldesa de Barcelona; Femke Halsema, alcaldesa de \u00c1msterdam; Claudia L\u00f3pez Hern\u00e1ndez, alcaldesa de Bogot\u00e1; Claudio Orrego, alcalde de Regi\u00f3n Metropolitana de Santiago de Chile; Ricardo Nunes, alcalde de San Pablo; Eric Garcetti, alcalde de Los \u00c1ngeles; Eric Adams, alcalde de Nueva York, y Oh Se-hoon, alcalde de Se\u00fal.<\/p>\n<p>Asimismo, el foro convocar\u00e1 a m\u00e1s de un centenar de l\u00edderes internacionales, entre los que se destacan Marty Walsh, secretario de Trabajo de los Estados Unidos; Sergio D\u00edaz-Granados, presidente de la CAF; Mar\u00eda Fernanda Garza, presidenta de la C\u00e1mara de Comercio Internacional, y Mar\u00eda Neira, directora del Departamento de Salud P\u00fablica y del Ambiente en la Organizaci\u00f3n Mundial de la Salud. La cumbre comenzar\u00e1 el mi\u00e9rcoles 19 con un Foro Urbano Federal, donde 150 intendentes presentar\u00e1n una Declaraci\u00f3n de Ciudades Argentinas, con nuevos compromisos clim\u00e1ticos, que se trabajan desde el inicio del a\u00f1o en sucesivos encuentros en la ciudad de Buenos Aires, Rosario y Corrientes bajo el lema \u201cEl Camino Federal Hacia la Cumbre\u201d.<\/p>\n<p>Los compromisos incluyen reconocer la emergencia clim\u00e1tica y la relevancia de las ciudades en su abordaje, limitar el aumento de temperatura a 1,5\u00b0C y ser carbono neutrales a 2050, presentar planes de acci\u00f3n y clim\u00e1tica, y publicar Inventarios de Gases de Efecto Invernadero y evaluaciones de riesgo. La cumbre incorporar\u00e1 adem\u00e1s un Cities &amp; Business Forum, donde l\u00edderes nacionales e internacionales del sector privado mostrar\u00e1n soluciones conjuntas y resultados de proyectos de cooperaci\u00f3n p\u00fablico- privada en las ciudades para reducir las emisiones en sectores cr\u00edticos y aumentar la ambici\u00f3n clim\u00e1tica.<\/p>\n<p>Entre otros, participar\u00e1n l\u00edderes de las compa\u00f1\u00edas Amazon, Microsoft, Siemens, Accenture, Danone, Enel, BYD, Foster&amp;Partners, Velux y emprendedores argentinos Endeavor. Como parte del foro, se entregar\u00e1 un Premio a Startups Sustentables. Por otro lado, se realizar\u00e1 un Foro de Alcaldes y J\u00f3venes, que liderar\u00e1 una Delegaci\u00f3n Joven integrada por 50 l\u00edderes en cambio clim\u00e1tico y activistas de ciudades argentinas y de todo el mundo. Al mismo tiempo, el Gobierno de la Ciudad abri\u00f3 una convocatoria para un programa de voluntariado internacional como parte de la cumbre, al que ya se inscribieron m\u00e1s de 5.000 personas. La Ciudad seleccionar\u00e1 400 voluntarios y voluntarias de todo el pa\u00eds, que acompa\u00f1ar\u00e1n y asistir\u00e1n a las delegaciones internacionales.<\/p>\n<p>Fotos: Walter Carrera \/ GCBA<\/p>\n","protected":false},"excerpt":{"rendered":"<p>El jefe de Gobierno porte\u00f1o, Horacio Rodr\u00edguez Larreta, present\u00f3 la Cumbre Mundial de Alcaldes de C40, el evento global m\u00e1s importante sobre ciudades y cambio clim\u00e1tico, que se realizar\u00e1 del 19 al 21 de octubre en Buenos Aires. El Jefe de Gobierno destac\u00f3 que se trata del \u201cevento internacional m\u00e1s importante del a\u00f1o para todo [&hellip;]<\/p>\n","protected":false},"author":3,"featured_media":40697,"comment_status":"open","ping_status":"open","sticky":false,"template":"","format":"standard","meta":{"_et_pb_use_builder":"","_et_pb_old_content":"","_et_gb_content_width":"","footnotes":""},"categories":[33],"tags":[],"class_list":["post-40696","post","type-post","status-publish","format-standard","has-post-thumbnail","hentry","category-sociedad-y-cultura-2"],"_links":{"self":[{"href":"https:\/\/vocesdebaires.com.ar\/index.php\/wp-json\/wp\/v2\/posts\/40696"}],"collection":[{"href":"https:\/\/vocesdebaires.com.ar\/index.php\/wp-json\/wp\/v2\/posts"}],"about":[{"href":"https:\/\/vocesdebaires.com.ar\/index.php\/wp-json\/wp\/v2\/types\/post"}],"author":[{"embeddable":true,"href":"https:\/\/vocesdebaires.com.ar\/index.php\/wp-json\/wp\/v2\/users\/3"}],"replies":[{"embeddable":true,"href":"https:\/\/vocesdebaires.com.ar\/index.php\/wp-json\/wp\/v2\/comments?post=40696"}],"version-history":[{"count":1,"href":"https:\/\/vocesdebaires.com.ar\/index.php\/wp-json\/wp\/v2\/posts\/40696\/revisions"}],"predecessor-version":[{"id":40698,"href":"https:\/\/vocesdebaires.com.ar\/index.php\/wp-json\/wp\/v2\/posts\/40696\/revisions\/40698"}],"wp:featuredmedia":[{"embeddable":true,"href":"https:\/\/vocesdebaires.com.ar\/index.php\/wp-json\/wp\/v2\/media\/40697"}],"wp:attachment":[{"href":"https:\/\/vocesdebaires.com.ar\/index.php\/wp-json\/wp\/v2\/media?parent=40696"}],"wp:term":[{"taxonomy":"category","embeddable":true,"href":"https:\/\/vocesdebaires.com.ar\/index.php\/wp-json\/wp\/v2\/categories?post=40696"},{"taxonomy":"post_tag","embeddable":true,"href":"https:\/\/vocesdebaires.com.ar\/index.php\/wp-json\/wp\/v2\/tags?post=40696"}],"curies":[{"name":"wp","href":"https:\/\/api.w.org\/{rel}","templated":true}]}}