{"id":40714,"date":"2022-10-07T13:12:50","date_gmt":"2022-10-07T16:12:50","guid":{"rendered":"https:\/\/vocesdebaires.com.ar\/?p=40714"},"modified":"2022-10-07T13:13:09","modified_gmt":"2022-10-07T16:13:09","slug":"legislatura-portena-amanda-martin-renuncio-a-su-banca-y-asumio-su-reemplazo","status":"publish","type":"post","link":"https:\/\/vocesdebaires.com.ar\/index.php\/2022\/10\/07\/legislatura-portena-amanda-martin-renuncio-a-su-banca-y-asumio-su-reemplazo\/","title":{"rendered":"Legislatura: Amanda Mart\u00edn renunci\u00f3 a su banca y asumi\u00f3 su reemplazo"},"content":{"rendered":"<p>La legisladora de la ciudad dej\u00f3 ayer jueves su bancada para cumplir con los acuerdos internos del Frente de Izquierda y tom\u00f3 posesi\u00f3n de la bancada Mercedes De Mendieta, quien ya pas\u00f3 por la Asamblea. En su discurso de despedida , Mart\u00edn afirm\u00f3 que su atrevimiento se debe \u201ca los acuerdos de rotaci\u00f3n de banquillos de la FIT, est\u00e1 adherido a otros principios que defendemos. No vinimos aqu\u00ed por una carrera profesional, pero somos militantes y vinimos a reivindicar eso; venimos a hacer y proponer lo que otros no har\u00e1n porque representan los intereses de los dem\u00e1s, de los patrones\u201d. Por otro costado, en el momento del dicterio, De Mendieta asegur\u00f3 que trabajar\u00e1 para defender \u201clas luchas de la pubertad, la mujer y los trabajadores. Contra el FMI y la destrucci\u00f3n ambiental por parte del capitalismo. Hoy especialmente por la levantamiento de las mujeres iran\u00edes\u201d.<\/p>\n","protected":false},"excerpt":{"rendered":"<p>La legisladora de la ciudad dej\u00f3 ayer jueves su bancada para cumplir con los acuerdos internos del Frente de Izquierda y tom\u00f3 posesi\u00f3n de la bancada Mercedes De Mendieta, quien ya pas\u00f3 por la Asamblea. En su discurso de despedida , Mart\u00edn afirm\u00f3 que su atrevimiento se debe \u201ca los acuerdos de rotaci\u00f3n de banquillos [&hellip;]<\/p>\n","protected":false},"author":2,"featured_media":40715,"comment_status":"open","ping_status":"open","sticky":false,"template":"","format":"standard","meta":{"_et_pb_use_builder":"","_et_pb_old_content":"","_et_gb_content_width":"","footnotes":""},"categories":[11,33],"tags":[],"class_list":["post-40714","post","type-post","status-publish","format-standard","has-post-thumbnail","hentry","category-ciudad","category-sociedad-y-cultura-2"],"_links":{"self":[{"href":"https:\/\/vocesdebaires.com.ar\/index.php\/wp-json\/wp\/v2\/posts\/40714"}],"collection":[{"href":"https:\/\/vocesdebaires.com.ar\/index.php\/wp-json\/wp\/v2\/posts"}],"about":[{"href":"https:\/\/vocesdebaires.com.ar\/index.php\/wp-json\/wp\/v2\/types\/post"}],"author":[{"embeddable":true,"href":"https:\/\/vocesdebaires.com.ar\/index.php\/wp-json\/wp\/v2\/users\/2"}],"replies":[{"embeddable":true,"href":"https:\/\/vocesdebaires.com.ar\/index.php\/wp-json\/wp\/v2\/comments?post=40714"}],"version-history":[{"count":2,"href":"https:\/\/vocesdebaires.com.ar\/index.php\/wp-json\/wp\/v2\/posts\/40714\/revisions"}],"predecessor-version":[{"id":40717,"href":"https:\/\/vocesdebaires.com.ar\/index.php\/wp-json\/wp\/v2\/posts\/40714\/revisions\/40717"}],"wp:featuredmedia":[{"embeddable":true,"href":"https:\/\/vocesdebaires.com.ar\/index.php\/wp-json\/wp\/v2\/media\/40715"}],"wp:attachment":[{"href":"https:\/\/vocesdebaires.com.ar\/index.php\/wp-json\/wp\/v2\/media?parent=40714"}],"wp:term":[{"taxonomy":"category","embeddable":true,"href":"https:\/\/vocesdebaires.com.ar\/index.php\/wp-json\/wp\/v2\/categories?post=40714"},{"taxonomy":"post_tag","embeddable":true,"href":"https:\/\/vocesdebaires.com.ar\/index.php\/wp-json\/wp\/v2\/tags?post=40714"}],"curies":[{"name":"wp","href":"https:\/\/api.w.org\/{rel}","templated":true}]}}