{"id":40718,"date":"2022-10-07T13:15:08","date_gmt":"2022-10-07T16:15:08","guid":{"rendered":"https:\/\/vocesdebaires.com.ar\/?p=40718"},"modified":"2022-10-07T13:15:08","modified_gmt":"2022-10-07T16:15:08","slug":"la-legislatura-portena-recordo-al-diputado-nacional-hector-polino","status":"publish","type":"post","link":"https:\/\/vocesdebaires.com.ar\/index.php\/2022\/10\/07\/la-legislatura-portena-recordo-al-diputado-nacional-hector-polino\/","title":{"rendered":"La Legislatura porte\u00f1a: Record\u00f3 al diputado nacional H\u00e9ctor Polino"},"content":{"rendered":"<p>H\u00e9ctor Polino fue una persona muy comprometida con la democracia, y los valores como la honestidad, el compa\u00f1erismo y la solidaridad. Un dirigente digno y luchador, quien nos honr\u00f3 representando los valores e ideales en diferentes instancias de representaci\u00f3n\u201d, aseveraron desde la Legislatura. Fue conocido por su extensa trayectoria en el socialismo argentino y en la defensa y promoci\u00f3n de la acci\u00f3n cooperativa.<\/p>\n<p>Fue, por otra parte, el creador en 1992 de la agrupaci\u00f3n \u201cConsumidores Libres\u201d, con la cual llev\u00f3 a cabo relevamientos de calidad y precio de diversos productos (particularmente cada 15 d\u00edas un relevamiento de precios de 38 productos de la Canasta B\u00e1sica Alimentaria en los principales supermercados y negocios barriales de la Ciudad de Buenos Aires). Dado su compromiso con los consumidores y usuarios, era convocado asiduamente por los medios de comunicaci\u00f3n del pa\u00eds para difundir sus derechos.<\/p>\n<p>H\u00e9ctor Polino falleci\u00f3 el pasado 18 de septiembre, argentino,pol\u00edtico y abogado, perteneciente al Partido Socialista y se desempe\u00f1\u00f3 en tres per\u00edodos como diputado nacional. Ten\u00eda el t\u00edtulo de Maestro Mayor de Obras; se recibi\u00f3 como Procurador y Abogado en la Universidad de Buenos Aires. Por otra parte, recibi\u00f3 un doctorado honoris causa por la Universidad de Concepci\u00f3n del Uruguay. Todo un ejemplo en esta pol\u00edtica actual no?<\/p>\n","protected":false},"excerpt":{"rendered":"<p>H\u00e9ctor Polino fue una persona muy comprometida con la democracia, y los valores como la honestidad, el compa\u00f1erismo y la solidaridad. Un dirigente digno y luchador, quien nos honr\u00f3 representando los valores e ideales en diferentes instancias de representaci\u00f3n\u201d, aseveraron desde la Legislatura. Fue conocido por su extensa trayectoria en el socialismo argentino y en [&hellip;]<\/p>\n","protected":false},"author":2,"featured_media":40719,"comment_status":"open","ping_status":"open","sticky":false,"template":"","format":"standard","meta":{"_et_pb_use_builder":"","_et_pb_old_content":"","_et_gb_content_width":"","footnotes":""},"categories":[11,33],"tags":[],"class_list":["post-40718","post","type-post","status-publish","format-standard","has-post-thumbnail","hentry","category-ciudad","category-sociedad-y-cultura-2"],"_links":{"self":[{"href":"https:\/\/vocesdebaires.com.ar\/index.php\/wp-json\/wp\/v2\/posts\/40718"}],"collection":[{"href":"https:\/\/vocesdebaires.com.ar\/index.php\/wp-json\/wp\/v2\/posts"}],"about":[{"href":"https:\/\/vocesdebaires.com.ar\/index.php\/wp-json\/wp\/v2\/types\/post"}],"author":[{"embeddable":true,"href":"https:\/\/vocesdebaires.com.ar\/index.php\/wp-json\/wp\/v2\/users\/2"}],"replies":[{"embeddable":true,"href":"https:\/\/vocesdebaires.com.ar\/index.php\/wp-json\/wp\/v2\/comments?post=40718"}],"version-history":[{"count":1,"href":"https:\/\/vocesdebaires.com.ar\/index.php\/wp-json\/wp\/v2\/posts\/40718\/revisions"}],"predecessor-version":[{"id":40720,"href":"https:\/\/vocesdebaires.com.ar\/index.php\/wp-json\/wp\/v2\/posts\/40718\/revisions\/40720"}],"wp:featuredmedia":[{"embeddable":true,"href":"https:\/\/vocesdebaires.com.ar\/index.php\/wp-json\/wp\/v2\/media\/40719"}],"wp:attachment":[{"href":"https:\/\/vocesdebaires.com.ar\/index.php\/wp-json\/wp\/v2\/media?parent=40718"}],"wp:term":[{"taxonomy":"category","embeddable":true,"href":"https:\/\/vocesdebaires.com.ar\/index.php\/wp-json\/wp\/v2\/categories?post=40718"},{"taxonomy":"post_tag","embeddable":true,"href":"https:\/\/vocesdebaires.com.ar\/index.php\/wp-json\/wp\/v2\/tags?post=40718"}],"curies":[{"name":"wp","href":"https:\/\/api.w.org\/{rel}","templated":true}]}}