{"id":40721,"date":"2022-10-07T13:16:57","date_gmt":"2022-10-07T16:16:57","guid":{"rendered":"https:\/\/vocesdebaires.com.ar\/?p=40721"},"modified":"2022-10-07T13:16:57","modified_gmt":"2022-10-07T16:16:57","slug":"legislaturase-aprobo-una-ley-para-la-devolucion-de-celulares-robados","status":"publish","type":"post","link":"https:\/\/vocesdebaires.com.ar\/index.php\/2022\/10\/07\/legislaturase-aprobo-una-ley-para-la-devolucion-de-celulares-robados\/","title":{"rendered":"Legislatura:Se aprob\u00f3 una ley para la devoluci\u00f3n de celulares robados"},"content":{"rendered":"<p>El proyecto impulsado por el Gobierno porte\u00f1o cont\u00f3 con el acompa\u00f1amiento de Partido Socialista (PS), Vamos Juntos (VJ), Republicanos Unidos (RU), La Libertad Avanza (LLA), Uni\u00f3n C\u00edvica Radical \u2013 Evoluci\u00f3n (UCR-Ev); el rechazo de Consenso Federal (CF) y la abstenci\u00f3n de Frente de Todos (FdT) y Frente de Izquierda (FIT). De esta manera, con la reciente ley aprobada, se cre\u00f3 un sitio web para que los vecinos puedan acceder a los efectos de constatar si en los listados figura alg\u00fan aparato que les pertenezca y se los hayan sustra\u00eddo. Dicha p\u00e1gina de internet se llamar\u00e1 www.recuperos.policiadelaciudad.gob.ar.<\/p>\n<p>Durante el debate en el recinto la legisladora de Vamos Juntos (VJ) y presidenta de la Comisi\u00f3n de Seguridad, Gimena Villafruela, plante\u00f3 que \u201clo que estamos buscando es modernizar, simplificar y agilizar la restituci\u00f3n de los dispositivos o sus partes a sus due\u00f1os\u201d e indic\u00f3 que \u201cesto genera una mejora sustancial en el sistema y fomenta una mejor\u00eda para la ciudadan\u00eda\u201d.<br \/>\nLa legisladora de la ciudad del FdT Claudia Neira en su discurso dijo que desde ese bloque comparten \u201cel sentido y la intenci\u00f3n del proyecto, es un tema que vengo trabajando pero nos preocupa el robo y hurto de celulares, nos preocupa esa cifra negra\u201d y concluy\u00f3 precisando que \u201cnosotros ped\u00edamos convenios con el ENACOM para poder acceder a la informaci\u00f3n de aquellos celulares que se roban o hurtan y no son denunciados, necesitamos obtener esa informaci\u00f3n para incorporarlo al Mapa del Delito\u201d.<\/p>\n","protected":false},"excerpt":{"rendered":"<p>El proyecto impulsado por el Gobierno porte\u00f1o cont\u00f3 con el acompa\u00f1amiento de Partido Socialista (PS), Vamos Juntos (VJ), Republicanos Unidos (RU), La Libertad Avanza (LLA), Uni\u00f3n C\u00edvica Radical \u2013 Evoluci\u00f3n (UCR-Ev); el rechazo de Consenso Federal (CF) y la abstenci\u00f3n de Frente de Todos (FdT) y Frente de Izquierda (FIT). De esta manera, con la [&hellip;]<\/p>\n","protected":false},"author":2,"featured_media":40722,"comment_status":"open","ping_status":"open","sticky":false,"template":"","format":"standard","meta":{"_et_pb_use_builder":"","_et_pb_old_content":"","_et_gb_content_width":"","footnotes":""},"categories":[11,33],"tags":[],"class_list":["post-40721","post","type-post","status-publish","format-standard","has-post-thumbnail","hentry","category-ciudad","category-sociedad-y-cultura-2"],"_links":{"self":[{"href":"https:\/\/vocesdebaires.com.ar\/index.php\/wp-json\/wp\/v2\/posts\/40721"}],"collection":[{"href":"https:\/\/vocesdebaires.com.ar\/index.php\/wp-json\/wp\/v2\/posts"}],"about":[{"href":"https:\/\/vocesdebaires.com.ar\/index.php\/wp-json\/wp\/v2\/types\/post"}],"author":[{"embeddable":true,"href":"https:\/\/vocesdebaires.com.ar\/index.php\/wp-json\/wp\/v2\/users\/2"}],"replies":[{"embeddable":true,"href":"https:\/\/vocesdebaires.com.ar\/index.php\/wp-json\/wp\/v2\/comments?post=40721"}],"version-history":[{"count":1,"href":"https:\/\/vocesdebaires.com.ar\/index.php\/wp-json\/wp\/v2\/posts\/40721\/revisions"}],"predecessor-version":[{"id":40723,"href":"https:\/\/vocesdebaires.com.ar\/index.php\/wp-json\/wp\/v2\/posts\/40721\/revisions\/40723"}],"wp:featuredmedia":[{"embeddable":true,"href":"https:\/\/vocesdebaires.com.ar\/index.php\/wp-json\/wp\/v2\/media\/40722"}],"wp:attachment":[{"href":"https:\/\/vocesdebaires.com.ar\/index.php\/wp-json\/wp\/v2\/media?parent=40721"}],"wp:term":[{"taxonomy":"category","embeddable":true,"href":"https:\/\/vocesdebaires.com.ar\/index.php\/wp-json\/wp\/v2\/categories?post=40721"},{"taxonomy":"post_tag","embeddable":true,"href":"https:\/\/vocesdebaires.com.ar\/index.php\/wp-json\/wp\/v2\/tags?post=40721"}],"curies":[{"name":"wp","href":"https:\/\/api.w.org\/{rel}","templated":true}]}}