{"id":40732,"date":"2022-10-12T00:44:10","date_gmt":"2022-10-12T03:44:10","guid":{"rendered":"https:\/\/vocesdebaires.com.ar\/?p=40732"},"modified":"2022-10-12T00:44:10","modified_gmt":"2022-10-12T03:44:10","slug":"general-rodriguez-detienen-a-profugo-acusado-por-abuso-sexualmente","status":"publish","type":"post","link":"https:\/\/vocesdebaires.com.ar\/index.php\/2022\/10\/12\/general-rodriguez-detienen-a-profugo-acusado-por-abuso-sexualmente\/","title":{"rendered":"General Rodr\u00edguez: Detienen a pr\u00f3fugo acusado por abuso sexualmente"},"content":{"rendered":"<p>Personal de la Divisi\u00f3n Capturas y Pr\u00f3fugos de la Polic\u00eda de la Ciudad llev\u00f3 a cabo una investigaci\u00f3n para dar con el paradero de un hombre por sobre quien ca\u00eda un pedido de captura por el delito de abuso sexual agravado solicitado por la Unidad Fiscal Especializada en Investigaci\u00f3n Criminal Compleja (UFECRI), a cargo del doctor Campagnoli y ante la Secretar\u00eda del doctor Bello, a requerimiento del Juzgado Nacional de Menores N\u00famero 5 bajo la tutela del doctor Tezanos y ante la Secretar\u00eda del doctor Vailati.<\/p>\n<p>Con la anuencia de la Justicia, se montaron discretas tareas de vigilancia en inmediaciones de la vivienda en cuesti\u00f3n y finalmente se logr\u00f3 la captura del delincuente. El procedimiento se llev\u00f3 a cabo en la Comisar\u00eda 2 de General Rodr\u00edguez hasta que el Juzgado interventor orden\u00f3 el traslado a la Ciudad de Buenos Aires a una de las Alcaid\u00edas porte\u00f1as, en la que el individuo qued\u00f3 alojado. Cabe destacar que el detenido est\u00e1 imputado por el delito de abuso sexual agravado a una menor que al momento de los hechos ten\u00eda entre 7 y 9 a\u00f1os de edad y datan del a\u00f1o 2018 en una vivienda en el barrio de Versalles.<\/p>\n","protected":false},"excerpt":{"rendered":"<p>Personal de la Divisi\u00f3n Capturas y Pr\u00f3fugos de la Polic\u00eda de la Ciudad llev\u00f3 a cabo una investigaci\u00f3n para dar con el paradero de un hombre por sobre quien ca\u00eda un pedido de captura por el delito de abuso sexual agravado solicitado por la Unidad Fiscal Especializada en Investigaci\u00f3n Criminal Compleja (UFECRI), a cargo del [&hellip;]<\/p>\n","protected":false},"author":3,"featured_media":40733,"comment_status":"open","ping_status":"open","sticky":false,"template":"","format":"standard","meta":{"_et_pb_use_builder":"","_et_pb_old_content":"","_et_gb_content_width":"","footnotes":""},"categories":[34,13],"tags":[],"class_list":["post-40732","post","type-post","status-publish","format-standard","has-post-thumbnail","hentry","category-politica","category-provincia"],"_links":{"self":[{"href":"https:\/\/vocesdebaires.com.ar\/index.php\/wp-json\/wp\/v2\/posts\/40732"}],"collection":[{"href":"https:\/\/vocesdebaires.com.ar\/index.php\/wp-json\/wp\/v2\/posts"}],"about":[{"href":"https:\/\/vocesdebaires.com.ar\/index.php\/wp-json\/wp\/v2\/types\/post"}],"author":[{"embeddable":true,"href":"https:\/\/vocesdebaires.com.ar\/index.php\/wp-json\/wp\/v2\/users\/3"}],"replies":[{"embeddable":true,"href":"https:\/\/vocesdebaires.com.ar\/index.php\/wp-json\/wp\/v2\/comments?post=40732"}],"version-history":[{"count":1,"href":"https:\/\/vocesdebaires.com.ar\/index.php\/wp-json\/wp\/v2\/posts\/40732\/revisions"}],"predecessor-version":[{"id":40734,"href":"https:\/\/vocesdebaires.com.ar\/index.php\/wp-json\/wp\/v2\/posts\/40732\/revisions\/40734"}],"wp:featuredmedia":[{"embeddable":true,"href":"https:\/\/vocesdebaires.com.ar\/index.php\/wp-json\/wp\/v2\/media\/40733"}],"wp:attachment":[{"href":"https:\/\/vocesdebaires.com.ar\/index.php\/wp-json\/wp\/v2\/media?parent=40732"}],"wp:term":[{"taxonomy":"category","embeddable":true,"href":"https:\/\/vocesdebaires.com.ar\/index.php\/wp-json\/wp\/v2\/categories?post=40732"},{"taxonomy":"post_tag","embeddable":true,"href":"https:\/\/vocesdebaires.com.ar\/index.php\/wp-json\/wp\/v2\/tags?post=40732"}],"curies":[{"name":"wp","href":"https:\/\/api.w.org\/{rel}","templated":true}]}}