{"id":40735,"date":"2022-10-12T00:47:16","date_gmt":"2022-10-12T03:47:16","guid":{"rendered":"https:\/\/vocesdebaires.com.ar\/?p=40735"},"modified":"2022-10-12T00:47:16","modified_gmt":"2022-10-12T03:47:16","slug":"larreta-recibio-a-los-voluntarios-de-la-cumbre-mundial-de-alcaldes-de-c40","status":"publish","type":"post","link":"https:\/\/vocesdebaires.com.ar\/index.php\/2022\/10\/12\/larreta-recibio-a-los-voluntarios-de-la-cumbre-mundial-de-alcaldes-de-c40\/","title":{"rendered":"Larreta recibi\u00f3 a los voluntarios de la Cumbre Mundial de Alcaldes de C40"},"content":{"rendered":"<p>El jefe de Gobierno, Horacio Rodr\u00edguez Larreta, recibi\u00f3 este martes a 400 j\u00f3venes de todo el pa\u00eds que participar\u00e1n como voluntarios en la Cumbre Mundial de Alcaldes de C40, que se realizar\u00e1 en la Ciudad de Buenos Aires del 19 al 21 de octubre. \u201cEl cambio clim\u00e1tico nos est\u00e1 desafiando y para estar a la altura de esta realidad, en estos d\u00edas, ciudades de todo el mundo vamos a estar pensando en soluciones globales. Ver tantos j\u00f3venes involucrados nos muestra que su generaci\u00f3n marca el camino, es un ejemplo y tiene la decisi\u00f3n de revertir las cosas con acciones concretas. Espero que guarden esta experiencia para toda su vida y puedan aprender mucho a lo largo de estos d\u00edas\u201d, indic\u00f3 Rodr\u00edguez Larreta.<\/p>\n<p>El encuentro se realiz\u00f3 en el Auditorio de la Casa de Gobierno de la Ciudad de Buenos Aires, durante el cierre del ciclo de capacitaciones del Programa de Voluntariado para la cumbre. En total, 400 voluntarios y voluntarias asistir\u00e1n a delegaciones internacionales. Tambi\u00e9n realizar\u00e1n registros y acreditaciones y brindar\u00e1n apoyo log\u00edstico durante las jornadas de la cumbre. Los j\u00f3venes seleccionados provienen de todas las provincias, entre las que se destacan Buenos Aires, Salta, Entre R\u00edos y C\u00f3rdoba. Adem\u00e1s, un 4% de ellos son extranjeros, principalmente de pa\u00edses como Per\u00fa, Venezuela, Colombia, Brasil, Estados Unidos, Francia, Italia y China.<\/p>\n<p>Asimismo, participaron del encuentro Jorge Macri, ministro de Gobierno de la Ciudad de Buenos Aires, y Francisco Resnicoff, subsecretario de Relaciones Internacionales. Tambi\u00e9n estuvieron presentes Claudia Mojica, coordinadora residente de la ONU en Argentina; Pablo A. Basz, encargado de Alianzas Estrat\u00e9gicas y Financiamiento al Desarrollo de la Oficina del Coordinador Residente, ONU Argentina, y Manuel Olivera, director regional para Am\u00e9rica Latina &#8211; C40 Cities.<\/p>\n<p>Los voluntarios asistieron a un ciclo de capacitaciones de tres d\u00edas de cursada h\u00edbrida, divididas en 4 m\u00f3dulos de clases te\u00f3ricas. Durante esas clases recibieron conocimientos sobre la pol\u00edtica medioambiental internacional, la importancia del gobierno local en la gesti\u00f3n ambiental, el rol de C40 en el escenario mundial y de la Ciudad de Buenos Aires, en tanto anfitriona, entre otros temas.<\/p>\n<p>La Cumbre Mundial de Alcaldes de C40 es el encuentro internacional m\u00e1s importante sobre ciudades y cambio clim\u00e1tico, que reunir\u00e1 en el territorio porte\u00f1o a m\u00e1s de 100 alcaldes de ciudades globales -23 de ellas, capitales- y 150 ciudades argentinas. Adem\u00e1s, participar\u00e1n l\u00edderes de organismos internacionales, expertos y activistas, l\u00edderes del sector privado, y miembros de organizaciones de la sociedad civil.<\/p>\n","protected":false},"excerpt":{"rendered":"<p>El jefe de Gobierno, Horacio Rodr\u00edguez Larreta, recibi\u00f3 este martes a 400 j\u00f3venes de todo el pa\u00eds que participar\u00e1n como voluntarios en la Cumbre Mundial de Alcaldes de C40, que se realizar\u00e1 en la Ciudad de Buenos Aires del 19 al 21 de octubre. \u201cEl cambio clim\u00e1tico nos est\u00e1 desafiando y para estar a la [&hellip;]<\/p>\n","protected":false},"author":3,"featured_media":40736,"comment_status":"open","ping_status":"open","sticky":false,"template":"","format":"standard","meta":{"_et_pb_use_builder":"","_et_pb_old_content":"","_et_gb_content_width":"","footnotes":""},"categories":[11,33],"tags":[],"class_list":["post-40735","post","type-post","status-publish","format-standard","has-post-thumbnail","hentry","category-ciudad","category-sociedad-y-cultura-2"],"_links":{"self":[{"href":"https:\/\/vocesdebaires.com.ar\/index.php\/wp-json\/wp\/v2\/posts\/40735"}],"collection":[{"href":"https:\/\/vocesdebaires.com.ar\/index.php\/wp-json\/wp\/v2\/posts"}],"about":[{"href":"https:\/\/vocesdebaires.com.ar\/index.php\/wp-json\/wp\/v2\/types\/post"}],"author":[{"embeddable":true,"href":"https:\/\/vocesdebaires.com.ar\/index.php\/wp-json\/wp\/v2\/users\/3"}],"replies":[{"embeddable":true,"href":"https:\/\/vocesdebaires.com.ar\/index.php\/wp-json\/wp\/v2\/comments?post=40735"}],"version-history":[{"count":1,"href":"https:\/\/vocesdebaires.com.ar\/index.php\/wp-json\/wp\/v2\/posts\/40735\/revisions"}],"predecessor-version":[{"id":40737,"href":"https:\/\/vocesdebaires.com.ar\/index.php\/wp-json\/wp\/v2\/posts\/40735\/revisions\/40737"}],"wp:featuredmedia":[{"embeddable":true,"href":"https:\/\/vocesdebaires.com.ar\/index.php\/wp-json\/wp\/v2\/media\/40736"}],"wp:attachment":[{"href":"https:\/\/vocesdebaires.com.ar\/index.php\/wp-json\/wp\/v2\/media?parent=40735"}],"wp:term":[{"taxonomy":"category","embeddable":true,"href":"https:\/\/vocesdebaires.com.ar\/index.php\/wp-json\/wp\/v2\/categories?post=40735"},{"taxonomy":"post_tag","embeddable":true,"href":"https:\/\/vocesdebaires.com.ar\/index.php\/wp-json\/wp\/v2\/tags?post=40735"}],"curies":[{"name":"wp","href":"https:\/\/api.w.org\/{rel}","templated":true}]}}