{"id":4074,"date":"2019-01-10T03:00:00","date_gmt":"2019-01-10T06:00:00","guid":{"rendered":"http:\/\/vocesdebaires.com.ar\/wordpress\/index.php\/2019\/01\/10\/buenos-aires-playainaugura-11-edicion\/"},"modified":"2019-01-10T03:00:00","modified_gmt":"2019-01-10T06:00:00","slug":"buenos-aires-playainaugura-11-edicion","status":"publish","type":"post","link":"https:\/\/vocesdebaires.com.ar\/index.php\/2019\/01\/10\/buenos-aires-playainaugura-11-edicion\/","title":{"rendered":"Buenos Aires Playa:Inaugura 11\u00b0 edici\u00f3n"},"content":{"rendered":"<p>El jefe de Gobierno porte\u00f1o, Horacio Rodr\u00edguez Larreta, inaugurar\u00e1\u00a0 la und\u00e9cima edici\u00f3n de Buenos Aires Playa, el cl\u00e1sico del verano en la Ciudad por el que ya pasaron m\u00e1s de 4.500.000 vecinos. Funcionar\u00e1 desde el viernes 11 de enero al 28 de febrero, de martes a domingo de 10.00 a 20.00, y abarcar\u00e1 dos sedes: el Parque de los Ni\u00f1os, en N\u00fa\u00f1ez, y el Parque Indoamericano, en Villa Soldati.<\/p>\n","protected":false},"excerpt":{"rendered":"<p>El jefe de Gobierno porte\u00f1o, Horacio Rodr\u00edguez Larreta, inaugurar\u00e1\u00a0 la und\u00e9cima edici\u00f3n de Buenos Aires Playa, el cl\u00e1sico del verano en la Ciudad por el que ya pasaron m\u00e1s de 4.500.000 vecinos. Funcionar\u00e1 desde el viernes 11 de enero al 28 de febrero, de martes a domingo de 10.00 a 20.00, y abarcar\u00e1 dos sedes: [&hellip;]<\/p>\n","protected":false},"author":1,"featured_media":4075,"comment_status":"open","ping_status":"open","sticky":false,"template":"","format":"standard","meta":{"_et_pb_use_builder":"","_et_pb_old_content":"","_et_gb_content_width":"","footnotes":""},"categories":[11,33],"tags":[],"class_list":["post-4074","post","type-post","status-publish","format-standard","has-post-thumbnail","hentry","category-ciudad","category-sociedad-y-cultura-2"],"_links":{"self":[{"href":"https:\/\/vocesdebaires.com.ar\/index.php\/wp-json\/wp\/v2\/posts\/4074"}],"collection":[{"href":"https:\/\/vocesdebaires.com.ar\/index.php\/wp-json\/wp\/v2\/posts"}],"about":[{"href":"https:\/\/vocesdebaires.com.ar\/index.php\/wp-json\/wp\/v2\/types\/post"}],"author":[{"embeddable":true,"href":"https:\/\/vocesdebaires.com.ar\/index.php\/wp-json\/wp\/v2\/users\/1"}],"replies":[{"embeddable":true,"href":"https:\/\/vocesdebaires.com.ar\/index.php\/wp-json\/wp\/v2\/comments?post=4074"}],"version-history":[{"count":0,"href":"https:\/\/vocesdebaires.com.ar\/index.php\/wp-json\/wp\/v2\/posts\/4074\/revisions"}],"wp:featuredmedia":[{"embeddable":true,"href":"https:\/\/vocesdebaires.com.ar\/index.php\/wp-json\/wp\/v2\/media\/4075"}],"wp:attachment":[{"href":"https:\/\/vocesdebaires.com.ar\/index.php\/wp-json\/wp\/v2\/media?parent=4074"}],"wp:term":[{"taxonomy":"category","embeddable":true,"href":"https:\/\/vocesdebaires.com.ar\/index.php\/wp-json\/wp\/v2\/categories?post=4074"},{"taxonomy":"post_tag","embeddable":true,"href":"https:\/\/vocesdebaires.com.ar\/index.php\/wp-json\/wp\/v2\/tags?post=4074"}],"curies":[{"name":"wp","href":"https:\/\/api.w.org\/{rel}","templated":true}]}}