{"id":40743,"date":"2022-10-12T00:53:48","date_gmt":"2022-10-12T03:53:48","guid":{"rendered":"https:\/\/vocesdebaires.com.ar\/?p=40743"},"modified":"2022-10-12T00:54:20","modified_gmt":"2022-10-12T03:54:20","slug":"xiii-congreso-internacional-de-prevencion-de-riesgos-del-trabajo-y-salud","status":"publish","type":"post","link":"https:\/\/vocesdebaires.com.ar\/index.php\/2022\/10\/12\/xiii-congreso-internacional-de-prevencion-de-riesgos-del-trabajo-y-salud\/","title":{"rendered":"XIII Congreso Internacional de Prevenci\u00f3n de Riesgos del Trabajo"},"content":{"rendered":"<p>Las jornadas se realizar\u00e1n el 13 y 14 de octubre de 9 a 18 en el Sal\u00f3n de Actos de la Facultad de Derecho de la Universidad de Buenos Aires, ubicada Av. Figueroa Alcorta 2263, y tienen como objetivo la toma de conciencia sobre la necesidad de prevenir accidentes de trabajo, enfermedades inculpables, y todo tipo de prevenci\u00f3n incluso hogare\u00f1a. Cabe se\u00f1alar que la entrada es libre y gratuita, y quienes deseen participar solo deber\u00e1n acreditarse en el siguiente link: https:\/\/bit.ly\/3CeNjuN. Asimismo, pueden acceder al programa completo en: https:\/\/www.paginacongreso.com.ar\/programa.<\/p>\n<p>\u201cHace 14 a\u00f1os que dimos inicio a esta Campa\u00f1a Internacional Masiva, y sigue vigente en cada Congreso anual, el gran esp\u00edritu de integraci\u00f3n entre operadores de todos los sectores sociales, representantes de las entidades gremiales y empresarias, la Subsecretar\u00eda de Trabajo de la Ciudad y el Ministerio de Trabajo de Naci\u00f3n, juntamente con los profesionales expertos de primer nivel, nacionales e internacionales que nos siguen acompa\u00f1ando. Convencidos de que la Prevenci\u00f3n de riesgos de trabajo es posible, nos enfocamos en la toma de conciencia, impulsando el cambio de mentalidad en la ciudadan\u00eda\u201d, explic\u00f3, por su parte, la Dra. Mar\u00eda Cristina Etala, organizadora del evento.<\/p>\n<p>Y agreg\u00f3: \u201cEsta Campa\u00f1a de Prevenci\u00f3n y cada uno de sus Congreso anuales est\u00e1n declarados por los Institutos Europeos de Relaciones Industriales y de Seguridad e Higiene como el mejor evento de habla hispana en la materia, dada la seriedad, la completitud y los temas de avanzada de cada programa anual, sumado al m\u00e1s alto nivel profesional de los ponentes, la ordenada organizaci\u00f3n y los m\u00e1s de 6.000 asistentes que a\u00f1o a a\u00f1o se dan cita en estas jornadas, profesionales de m\u00e1s de 12 pa\u00edses y de 17 provincias, representantes de la CGT, la UIA y C\u00e1maras empresarias, representantes de las carteras laborales de gobierno de Naci\u00f3n, Ciudad y provincias, l\u00edderes de importantes empresas y organizaciones internacionales, juntamente con los trabajadores de las distintas actividades del pa\u00eds.<\/p>\n<p>Asisten tambi\u00e9n Institutos de ense\u00f1anza de la materia con sus alumnos y profesores, debiendo luego rendir una tesis sobre los temas del Congreso\u201d. En la mesa Inicial se exponen las novedades internacionales y nacionales en materia de prevenci\u00f3n y la mesa de cierre est\u00e1 dedicada a todas las disposiciones legales nacionales vigentes, formadas ambas mesas por los l\u00edderes de los distintos sectores sociales. El panel inicial, La Cultura de la Prevenci\u00f3n, estar\u00e1 formado por el Dr. Rub\u00e9n Cortina, Faecys y CGT; el Dr. Julio Cordero Uni\u00f3n Industrial Argentina (UIA) y Techint y el Dr. Gerardo Corres, presidente de la Comisi\u00f3n de Normas de la OIT y Director de Asuntos Internacionales del Ministerio de Trabajo, Empleo y Seguridad Social de la Naci\u00f3n.<\/p>\n<p><strong>Panel final<\/strong><br \/>\nEstar\u00e1 conformado por la Lic. Mara Bettiol, presidenta de la Uni\u00f3n de Aseguradoras de Riesgos de Trabajo (UART), informando sobre los Riesgos en 2022; el Dr. Diego Newton, de la Obra Social del Personal de Direcci\u00f3n (OSIM), hablar\u00e1 sobre Sistema de Compensaci\u00f3n entre ART y Agentes de Seguros; el Dr. Pablo Topet, CGT y consultor de OIT, disertar\u00e1 sobre La influencia sindical en la Prevenci\u00f3n de Riegos , el Dr. Alberto Jos\u00e9 Robles, del Sindicato Empleados de Comercio, SEC, y Consultor del OIT con: \u201cLa Puesta en Pr\u00e1ctica del Convenio 187\u201d y Finalmente, el Dr. Julio Cordero, de la UIA y Techint, cerrar\u00e1 el evento hablando sobre la Prevenci\u00f3n y Clima Laboral &#8211; Nuevas Tendencias. La entrada es libre y gratuita, con servicio tambi\u00e9n gratuito de desayuno y almuerzo para los participantes, quienes recibir\u00e1n el Certificado de asistencia al finalizar el acto de clausura del evento.<\/p>\n","protected":false},"excerpt":{"rendered":"<p>Las jornadas se realizar\u00e1n el 13 y 14 de octubre de 9 a 18 en el Sal\u00f3n de Actos de la Facultad de Derecho de la Universidad de Buenos Aires, ubicada Av. Figueroa Alcorta 2263, y tienen como objetivo la toma de conciencia sobre la necesidad de prevenir accidentes de trabajo, enfermedades inculpables, y todo [&hellip;]<\/p>\n","protected":false},"author":2,"featured_media":40744,"comment_status":"open","ping_status":"open","sticky":false,"template":"","format":"standard","meta":{"_et_pb_use_builder":"","_et_pb_old_content":"","_et_gb_content_width":"","footnotes":""},"categories":[11,33],"tags":[],"class_list":["post-40743","post","type-post","status-publish","format-standard","has-post-thumbnail","hentry","category-ciudad","category-sociedad-y-cultura-2"],"_links":{"self":[{"href":"https:\/\/vocesdebaires.com.ar\/index.php\/wp-json\/wp\/v2\/posts\/40743"}],"collection":[{"href":"https:\/\/vocesdebaires.com.ar\/index.php\/wp-json\/wp\/v2\/posts"}],"about":[{"href":"https:\/\/vocesdebaires.com.ar\/index.php\/wp-json\/wp\/v2\/types\/post"}],"author":[{"embeddable":true,"href":"https:\/\/vocesdebaires.com.ar\/index.php\/wp-json\/wp\/v2\/users\/2"}],"replies":[{"embeddable":true,"href":"https:\/\/vocesdebaires.com.ar\/index.php\/wp-json\/wp\/v2\/comments?post=40743"}],"version-history":[{"count":2,"href":"https:\/\/vocesdebaires.com.ar\/index.php\/wp-json\/wp\/v2\/posts\/40743\/revisions"}],"predecessor-version":[{"id":40746,"href":"https:\/\/vocesdebaires.com.ar\/index.php\/wp-json\/wp\/v2\/posts\/40743\/revisions\/40746"}],"wp:featuredmedia":[{"embeddable":true,"href":"https:\/\/vocesdebaires.com.ar\/index.php\/wp-json\/wp\/v2\/media\/40744"}],"wp:attachment":[{"href":"https:\/\/vocesdebaires.com.ar\/index.php\/wp-json\/wp\/v2\/media?parent=40743"}],"wp:term":[{"taxonomy":"category","embeddable":true,"href":"https:\/\/vocesdebaires.com.ar\/index.php\/wp-json\/wp\/v2\/categories?post=40743"},{"taxonomy":"post_tag","embeddable":true,"href":"https:\/\/vocesdebaires.com.ar\/index.php\/wp-json\/wp\/v2\/tags?post=40743"}],"curies":[{"name":"wp","href":"https:\/\/api.w.org\/{rel}","templated":true}]}}