{"id":40747,"date":"2022-10-12T00:59:09","date_gmt":"2022-10-12T03:59:09","guid":{"rendered":"https:\/\/vocesdebaires.com.ar\/?p=40747"},"modified":"2022-10-12T00:59:09","modified_gmt":"2022-10-12T03:59:09","slug":"legislatura-portena-se-llevo-a-cabo-el-homenaje-al-dr-oscar-lencinas","status":"publish","type":"post","link":"https:\/\/vocesdebaires.com.ar\/index.php\/2022\/10\/12\/legislatura-portena-se-llevo-a-cabo-el-homenaje-al-dr-oscar-lencinas\/","title":{"rendered":"Legislatura porte\u00f1a: Se Llevo a cabo el homenaje al Dr. Oscar Lencinas"},"content":{"rendered":"<p>En el d\u00eda de ayer se llev\u00f3 a cabo el homenaje al Dr. Oscar Enrique Lencinas en el ingreso al edificio del \u201cInstituto de Zoonosis Luis Pasteur\u201d, a partir de la Resoluci\u00f3n 128\/2020 aprobada por unanimidad por la Legislatura Porte\u00f1a por iniciativa del Legislador Diego Weck. El Dr. Lencinas fue vicepresidente de la Asociaci\u00f3n Argentina de Zoonosis, autor de la columna \u201cMejor prevenir\u201d del diario La Naci\u00f3n e Instructor Acad\u00e9mico en la facultad de Ciencias Veterinarias de la Universidad del Noroeste. Adem\u00e1s, fue agente de Extensi\u00f3n Cultural en un programa de la UNESCO para barrios carenciados y asentamientos y realiz\u00f3, organiz\u00f3, y dict\u00f3 numerosos cursos sobre administraci\u00f3n sanitaria, hospitalaria, ingenier\u00eda alimentaria y zoonosis.<\/p>\n<p>Desde 1998, se desempe\u00f1aba como director del Instituto de Zoonosis Luis Pasteur, establecimiento de salud p\u00fablica que tiene como misi\u00f3n entender en todo lo relacionado con el diagn\u00f3stico, prevenci\u00f3n y control de las zoonosis urbanas en la Ciudad de Buenos Aires. \u201cEs importante mantener viva la memoria y el recuerdo de aquellos hombres que dedicaron su vida al servicio de la comunidad. Y Oscar fue un ejemplo de ello. En el \u00e1mbito nacional e internacional llev\u00f3 adelante una transformaci\u00f3n basada en el fortalecimiento de la educaci\u00f3n para la salud, la democratizaci\u00f3n de la informaci\u00f3n, la comunicaci\u00f3n interna y externa, y el rol activo en la investigaci\u00f3n, diagn\u00f3stico, y tratamiento de las zoonosis\u201d, afirmo el legislador porte\u00f1o Diego Weck. Del homenaje participaron junto a su familia, personalidades importantes como el Director A\/C Dr. Guillermo Claudio Belerenian, la Legisladora Bou P\u00e9rez (Coautora del Proyecto), la Auditora General de la Ciudad Lic. Mar\u00eda Raquel Herrero y la subsecretaria de hospitales Dra. Laura Cordero.<\/p>\n<p>Al respecto, la Auditora Herrero dijo: \u201cOscar Lencinas ha sido un incre\u00edble profesional, un Amigo y una persona que amaba tanto lo que hac\u00eda que dej\u00f3 una huella imborrable. Recuerdo que all\u00e1 por el 1999 cuando comenz\u00e1bamos a sacar el hospital al barrio para que los vecinos de la Comuna 7 tengan a disposici\u00f3n vacunas, el Negro nos dijo y porque no hacemos lo mismo con la antirr\u00e1bica. Creo que no quedo una mascota en la Comuna sin vacunar. Lo hicimos todos los a\u00f1os independientemente de los gobiernos de turno. Eso marca a las claras su vocaci\u00f3n de servicio. Lencinas es el Pasteur y esa identificaci\u00f3n muy pocos lo logran\u201d. Para finalizar, el autor de la Resoluci\u00f3n afirm\u00f3: \u201cCon el fallecimiento del Oscar, la profesi\u00f3n perdi\u00f3 a un defensor de las competencias veterinarias y a qui\u00e9n supo representarlas \u00edntegramente en el \u00e1mbito de la salud p\u00fablica de la Ciudad. Este homenaje es un poquito de lo que \u00e9l nos dio\u201d.<\/p>\n","protected":false},"excerpt":{"rendered":"<p>En el d\u00eda de ayer se llev\u00f3 a cabo el homenaje al Dr. Oscar Enrique Lencinas en el ingreso al edificio del \u201cInstituto de Zoonosis Luis Pasteur\u201d, a partir de la Resoluci\u00f3n 128\/2020 aprobada por unanimidad por la Legislatura Porte\u00f1a por iniciativa del Legislador Diego Weck. El Dr. Lencinas fue vicepresidente de la Asociaci\u00f3n Argentina [&hellip;]<\/p>\n","protected":false},"author":2,"featured_media":40748,"comment_status":"open","ping_status":"open","sticky":false,"template":"","format":"standard","meta":{"_et_pb_use_builder":"","_et_pb_old_content":"","_et_gb_content_width":"","footnotes":""},"categories":[11,33],"tags":[],"class_list":["post-40747","post","type-post","status-publish","format-standard","has-post-thumbnail","hentry","category-ciudad","category-sociedad-y-cultura-2"],"_links":{"self":[{"href":"https:\/\/vocesdebaires.com.ar\/index.php\/wp-json\/wp\/v2\/posts\/40747"}],"collection":[{"href":"https:\/\/vocesdebaires.com.ar\/index.php\/wp-json\/wp\/v2\/posts"}],"about":[{"href":"https:\/\/vocesdebaires.com.ar\/index.php\/wp-json\/wp\/v2\/types\/post"}],"author":[{"embeddable":true,"href":"https:\/\/vocesdebaires.com.ar\/index.php\/wp-json\/wp\/v2\/users\/2"}],"replies":[{"embeddable":true,"href":"https:\/\/vocesdebaires.com.ar\/index.php\/wp-json\/wp\/v2\/comments?post=40747"}],"version-history":[{"count":1,"href":"https:\/\/vocesdebaires.com.ar\/index.php\/wp-json\/wp\/v2\/posts\/40747\/revisions"}],"predecessor-version":[{"id":40749,"href":"https:\/\/vocesdebaires.com.ar\/index.php\/wp-json\/wp\/v2\/posts\/40747\/revisions\/40749"}],"wp:featuredmedia":[{"embeddable":true,"href":"https:\/\/vocesdebaires.com.ar\/index.php\/wp-json\/wp\/v2\/media\/40748"}],"wp:attachment":[{"href":"https:\/\/vocesdebaires.com.ar\/index.php\/wp-json\/wp\/v2\/media?parent=40747"}],"wp:term":[{"taxonomy":"category","embeddable":true,"href":"https:\/\/vocesdebaires.com.ar\/index.php\/wp-json\/wp\/v2\/categories?post=40747"},{"taxonomy":"post_tag","embeddable":true,"href":"https:\/\/vocesdebaires.com.ar\/index.php\/wp-json\/wp\/v2\/tags?post=40747"}],"curies":[{"name":"wp","href":"https:\/\/api.w.org\/{rel}","templated":true}]}}