{"id":40750,"date":"2022-10-12T01:03:30","date_gmt":"2022-10-12T04:03:30","guid":{"rendered":"https:\/\/vocesdebaires.com.ar\/?p=40750"},"modified":"2022-10-12T01:03:30","modified_gmt":"2022-10-12T04:03:30","slug":"primer-congreso-por-la-tierra-la-produccion-y-nuestra-casa-comun","status":"publish","type":"post","link":"https:\/\/vocesdebaires.com.ar\/index.php\/2022\/10\/12\/primer-congreso-por-la-tierra-la-produccion-y-nuestra-casa-comun\/","title":{"rendered":"Primer Congreso por la Tierra, la Producci\u00f3n y Nuestra Casa Com\u00fan"},"content":{"rendered":"<p>Organizaciones de la Agricultura Familiar, campesinas, trabajadoras, trabajadores de la pesca artesanal, asociaciones productoras rurales, organizaciones ind\u00edgenas, lanzaron este martes, el primer \u201cCongreso Nacional Por la Tierra, La Producci\u00f3n Y Nuestra Casa Com\u00fan\u201d. Se llevar\u00e1 a cabo el 11 y 12 de noviembre en Buenos Aires, con el objetivo de sumar propuestas y acuerdos en el sector rural para promover un nuevo horizonte para el pueblo.<\/p>\n<p>El \u201cCongreso Por la Tierra\u201d tendr\u00e1 lugar en el Centro Recreativo Nacional (CERENA) &#8211; Presidente N\u00e9stor Kirchner, ubicado en la Avenida Ingeniero Fern\u00e1ndez Garc\u00eda s\/n, Ezeiza, Buenos Aires, en la que participar\u00e1n organizaciones de la Agricultura Familiar campesinas, chacareras,, la pesca artesanal, ambientalistas, de pueblos y naciones originarias, a espacios de investigaci\u00f3n y acad\u00e9micos, eclesi\u00e1sticos, sectores productivos e instituciones del sector rural y popular. Los ejes de debate ser\u00e1n: la Tierra, la Producci\u00f3n y Nuestra Casa Com\u00fan, desde los que se debatir\u00e1n aspectos relacionados al cuidado del ambiente, el modelo productivo con perspectiva de g\u00e9nero, la posesi\u00f3n y distribuci\u00f3n de la tierra como medio de vida y no como mera mercanc\u00eda. Se se\u00f1al\u00f3 en el lanzamiento.<\/p>\n<p>Al respecto las y los asistentes hicieron hincapi\u00e9 en seguir brindando solidaridad a las comunidades ind\u00edgenas en conflicto por la tierra, recordaron que este 12 de octubre se cumplen m\u00e1s de 500 a\u00f1os de colonizaci\u00f3n y del comienzo del genocidio hacia nuestros pueblos ind\u00edgenas.Con este Congreso se busca construir un futuro que brinde una alternativa de unidad, basada en los conceptos de soberan\u00eda alimentaria, para hacer frente al sistema de concentraci\u00f3n de la tierra, empobrecimiento de las mayor\u00edas populares y de da\u00f1o ambiental irreversible en nuestros territorios que plantean los sectores del poder econ\u00f3mico concentrado.<\/p>\n<p>El secretario general de la UTEP, Esteban \u201cGringo\u00bb Castro celebr\u00f3 el lanzamiento y expres\u00f3 que las \u00abes necesario debatir los temas de la ruralidad en los espacios urbanos, para construir un nuevo modelo de producci\u00f3n de alimentos y que las y los trabajadores tengan acceso a la tierra.La expectativa es que el Congreso se constituya en un nuevo hito para disputar un modelo de pa\u00eds de cara a los tiempos que vienen. Contar\u00e1 con tres ejes centrales: Tierra y Territorio; Comercializaci\u00f3n y Agregado de Valor; y Cuidado de Nuestra Casa Com\u00fan.<\/p>\n<p>Seg\u00fan informaron desde la organizaci\u00f3n, s\u00f3lo el 1% de los propietarios rurales poseen m\u00e1s del 40% de la tierra. A su vez, 4.500 pooles de siembra concentran m\u00e1s del 75% de la producci\u00f3n y 5 empresas extranjeras aglutinan casi la totalidad de las exportaciones provenientes del sector rural. Esa estructura agraria tiene consecuencias en materia econ\u00f3mica, pol\u00edtica, social y de car\u00e1cter ambiental. De hecho, recordaron que esa concentraci\u00f3n redunda en quemas indiscriminadas de bosques, montes y humedales.<\/p>\n<p><strong>Convocan:<\/strong><br \/>\nAsamblea Campesina Ind\u00edgena del Norte Argentino (ACINA)<br \/>\nAgrupaci\u00f3n Grito de Alcorta (AGA)<br \/>\nAsociaci\u00f3n de Mujeres Rurales Argentina Federal (AMRAF)<br \/>\nCooperativa de Trabajo de Pescadores Artesanales Independientes Ltda.<br \/>\nFederaci\u00f3n Argentina de Pesca Artesanal (FAPA)<br \/>\nFederaci\u00f3n de Trabajadores Agrarios de la Actividad Primaria (FeTAAP)<br \/>\nFederaci\u00f3n Nacional Campesina (FNC)<br \/>\nFederaci\u00f3n Rural para la Producci\u00f3n y el Arraigo<br \/>\nFederaci\u00f3n de Organizaciones de Base (FOB)<br \/>\nFrente Agrario 25 de Mayo<br \/>\nFrente Agrario Evita<br \/>\nFrente Agrario Octubres<br \/>\nLiga de Trabajadorxs Rurales (LTR)<br \/>\nMovimiento Campesino de Liberaci\u00f3n (MCL)<br \/>\nMovimiento de Trabajadores Excluidos rama Rural (MTE Rural)<br \/>\nMovimiento Nacional Campesino Ind\u00edgena \u2013 La V\u00eda Campesina (MNCI \u2013 VC)<br \/>\nLa Dignidad Rural<br \/>\nUni\u00f3n de Trabajadores Rurales (UTR \u2013 C\u00f3rdoba)<br \/>\nUni\u00f3n de Trabajadores Rurales Wiracocha (UTR Wiracocha)<br \/>\nMovimiento Popular Los Pibes de la Boca<br \/>\nAsociaci\u00f3n Mujeres de la Tierra<br \/>\nMisioneros de Francisco<\/p>\n","protected":false},"excerpt":{"rendered":"<p>Organizaciones de la Agricultura Familiar, campesinas, trabajadoras, trabajadores de la pesca artesanal, asociaciones productoras rurales, organizaciones ind\u00edgenas, lanzaron este martes, el primer \u201cCongreso Nacional Por la Tierra, La Producci\u00f3n Y Nuestra Casa Com\u00fan\u201d. Se llevar\u00e1 a cabo el 11 y 12 de noviembre en Buenos Aires, con el objetivo de sumar propuestas y acuerdos en [&hellip;]<\/p>\n","protected":false},"author":2,"featured_media":40751,"comment_status":"open","ping_status":"open","sticky":false,"template":"","format":"standard","meta":{"_et_pb_use_builder":"","_et_pb_old_content":"","_et_gb_content_width":"","footnotes":""},"categories":[11,33],"tags":[],"class_list":["post-40750","post","type-post","status-publish","format-standard","has-post-thumbnail","hentry","category-ciudad","category-sociedad-y-cultura-2"],"_links":{"self":[{"href":"https:\/\/vocesdebaires.com.ar\/index.php\/wp-json\/wp\/v2\/posts\/40750"}],"collection":[{"href":"https:\/\/vocesdebaires.com.ar\/index.php\/wp-json\/wp\/v2\/posts"}],"about":[{"href":"https:\/\/vocesdebaires.com.ar\/index.php\/wp-json\/wp\/v2\/types\/post"}],"author":[{"embeddable":true,"href":"https:\/\/vocesdebaires.com.ar\/index.php\/wp-json\/wp\/v2\/users\/2"}],"replies":[{"embeddable":true,"href":"https:\/\/vocesdebaires.com.ar\/index.php\/wp-json\/wp\/v2\/comments?post=40750"}],"version-history":[{"count":1,"href":"https:\/\/vocesdebaires.com.ar\/index.php\/wp-json\/wp\/v2\/posts\/40750\/revisions"}],"predecessor-version":[{"id":40752,"href":"https:\/\/vocesdebaires.com.ar\/index.php\/wp-json\/wp\/v2\/posts\/40750\/revisions\/40752"}],"wp:featuredmedia":[{"embeddable":true,"href":"https:\/\/vocesdebaires.com.ar\/index.php\/wp-json\/wp\/v2\/media\/40751"}],"wp:attachment":[{"href":"https:\/\/vocesdebaires.com.ar\/index.php\/wp-json\/wp\/v2\/media?parent=40750"}],"wp:term":[{"taxonomy":"category","embeddable":true,"href":"https:\/\/vocesdebaires.com.ar\/index.php\/wp-json\/wp\/v2\/categories?post=40750"},{"taxonomy":"post_tag","embeddable":true,"href":"https:\/\/vocesdebaires.com.ar\/index.php\/wp-json\/wp\/v2\/tags?post=40750"}],"curies":[{"name":"wp","href":"https:\/\/api.w.org\/{rel}","templated":true}]}}