{"id":40753,"date":"2022-10-12T01:06:46","date_gmt":"2022-10-12T04:06:46","guid":{"rendered":"https:\/\/vocesdebaires.com.ar\/?p=40753"},"modified":"2022-10-12T01:09:10","modified_gmt":"2022-10-12T04:09:10","slug":"en-la-ciudadmuerta-de-arte-en-el-hipodromo-de-palermo","status":"publish","type":"post","link":"https:\/\/vocesdebaires.com.ar\/index.php\/2022\/10\/12\/en-la-ciudadmuerta-de-arte-en-el-hipodromo-de-palermo\/","title":{"rendered":"En la ciudad:Muerta de Arte en el Hip\u00f3dromo de Palermo"},"content":{"rendered":"<p>En el marco del Gran Premio Selecci\u00f3n, una de las carreras m\u00e1s importantes del a\u00f1o que se correr\u00e1 este s\u00e1bado en el Hip\u00f3dromo de Palermo, la artista pl\u00e1stica Sof\u00eda Querejeta presenta su exposici\u00f3n \u201cUniversos Infinitos\u201d, que estar\u00e1 disponible para visitar con entrada libre y gratuita hasta el 11 de noviembre en el primer piso de la Tribuna Oficial. La muestra, que cuenta con el apoyo del Ministerio de Cultura de la Ciudad de Buenos Aires, contiene obras abstractas, retratos y animales con la mirada particular de la artista, de 21 a\u00f1os.<\/p>\n<p>Sof\u00eda Querejeta tiene capacidades diferentes y a trav\u00e9s del arte busca transmitir lo que siente al momento de pintar, plasmar con su imaginaci\u00f3n amor y esperanza en cada uno de sus trazos.<br \/>\nPara sus creaciones art\u00edsticas se inspira en el entorno pintoresco. Paisajes, naturaleza, r\u00edos, lagos y monta\u00f1as la ayudan mucho a sus sentidos para poder crear sus obras. Ama pintar y jugar con los colores, tambi\u00e9n hace manualidades que le permitieron tener mucha autonom\u00eda. Sof\u00eda naci\u00f3 el 19 de septiembre de 2000 en Bariloche. Es la mayor de 4 hermanos y desde muy chiquita est\u00e1 en contacto con el arte. Expresarse a trav\u00e9s de lo creativo fue una herramienta fundamental para su desarrollo.<\/p>\n<p>Con el tiempo, fue utilizando diversos materiales hasta que su motricidad logr\u00f3 expandirse. Durante la pandemia pudo dedicarle m\u00e1s horas al arte, tom\u00f3 clases de pintura con distintas artistas de San Mart\u00edn de los Andes, donde realiz\u00f3 sus primeras obras y descubri\u00f3 que ah\u00ed estaba su libertad. Este a\u00f1o Sof\u00eda se convirti\u00f3 en embajadora cultural de Neuqu\u00e9n por el voto de la gente de su ciudad. Ahora, tuvo la oportunidad de trasladar su arte a Buenos Aires para mostrarle al p\u00fablico el mismo amor que ella siente cada vez que pinta.<\/p>\n","protected":false},"excerpt":{"rendered":"<p>En el marco del Gran Premio Selecci\u00f3n, una de las carreras m\u00e1s importantes del a\u00f1o que se correr\u00e1 este s\u00e1bado en el Hip\u00f3dromo de Palermo, la artista pl\u00e1stica Sof\u00eda Querejeta presenta su exposici\u00f3n \u201cUniversos Infinitos\u201d, que estar\u00e1 disponible para visitar con entrada libre y gratuita hasta el 11 de noviembre en el primer piso de [&hellip;]<\/p>\n","protected":false},"author":2,"featured_media":40757,"comment_status":"open","ping_status":"open","sticky":false,"template":"","format":"standard","meta":{"_et_pb_use_builder":"","_et_pb_old_content":"","_et_gb_content_width":"","footnotes":""},"categories":[11,33],"tags":[],"class_list":["post-40753","post","type-post","status-publish","format-standard","has-post-thumbnail","hentry","category-ciudad","category-sociedad-y-cultura-2"],"_links":{"self":[{"href":"https:\/\/vocesdebaires.com.ar\/index.php\/wp-json\/wp\/v2\/posts\/40753"}],"collection":[{"href":"https:\/\/vocesdebaires.com.ar\/index.php\/wp-json\/wp\/v2\/posts"}],"about":[{"href":"https:\/\/vocesdebaires.com.ar\/index.php\/wp-json\/wp\/v2\/types\/post"}],"author":[{"embeddable":true,"href":"https:\/\/vocesdebaires.com.ar\/index.php\/wp-json\/wp\/v2\/users\/2"}],"replies":[{"embeddable":true,"href":"https:\/\/vocesdebaires.com.ar\/index.php\/wp-json\/wp\/v2\/comments?post=40753"}],"version-history":[{"count":1,"href":"https:\/\/vocesdebaires.com.ar\/index.php\/wp-json\/wp\/v2\/posts\/40753\/revisions"}],"predecessor-version":[{"id":40754,"href":"https:\/\/vocesdebaires.com.ar\/index.php\/wp-json\/wp\/v2\/posts\/40753\/revisions\/40754"}],"wp:featuredmedia":[{"embeddable":true,"href":"https:\/\/vocesdebaires.com.ar\/index.php\/wp-json\/wp\/v2\/media\/40757"}],"wp:attachment":[{"href":"https:\/\/vocesdebaires.com.ar\/index.php\/wp-json\/wp\/v2\/media?parent=40753"}],"wp:term":[{"taxonomy":"category","embeddable":true,"href":"https:\/\/vocesdebaires.com.ar\/index.php\/wp-json\/wp\/v2\/categories?post=40753"},{"taxonomy":"post_tag","embeddable":true,"href":"https:\/\/vocesdebaires.com.ar\/index.php\/wp-json\/wp\/v2\/tags?post=40753"}],"curies":[{"name":"wp","href":"https:\/\/api.w.org\/{rel}","templated":true}]}}