{"id":40758,"date":"2022-10-12T01:12:34","date_gmt":"2022-10-12T04:12:34","guid":{"rendered":"https:\/\/vocesdebaires.com.ar\/?p=40758"},"modified":"2022-10-12T01:12:34","modified_gmt":"2022-10-12T04:12:34","slug":"amiaarte-y-solidaridad-estara-presente-en-la-edicion-2022-de-arteba","status":"publish","type":"post","link":"https:\/\/vocesdebaires.com.ar\/index.php\/2022\/10\/12\/amiaarte-y-solidaridad-estara-presente-en-la-edicion-2022-de-arteba\/","title":{"rendered":"AMIA:\u201cArte y Solidaridad\u201d, estar\u00e1 presente en la edici\u00f3n 2022 de ArteBA"},"content":{"rendered":"<p>En el marco de la nueva edici\u00f3n de ArteBA, AMIA expondr\u00e1 su programa \u201cArte y Solidaridad\u201d, una iniciativa integrada por dos proyectos que conjugan el talento y la creaci\u00f3n art\u00edstica con la posibilidad de cooperar con las iniciativas sociales que la instituci\u00f3n lleva adelante.Por un lado, en la feria de arte contempor\u00e1neo m\u00e1s importante del pa\u00eds, AMIA exhibir\u00e1 el proyecto \u201cTestimonio Contempor\u00e1neo\u201d, del que forman parte los artistas Guillermo Kuitca, Liliana Porter, Jorge Macchi, Nicola Costantino, Eduardo Stup\u00eda y Pablo Siquier.<\/p>\n<p>\u201cTestimonio contempor\u00e1neo\u201d es un original proyecto de recaudaci\u00f3n de fondos que la instituci\u00f3n impuls\u00f3 y produjo en 2018. Se trata de una obra original gr\u00e1fica integrada por las creaciones de los seis artistas que participaron de la iniciativa. Las carpetas con las serigraf\u00edas se entregan numeradas, firmadas por sus autores y certificadas. Este a\u00f1o, se sumaron al programa \u201cArte y Solidaridad\u201d, dos serigraf\u00edas realizadas por Liliana Porter, tituladas \u201cTres de Ellos\u201d y \u201cTres de Ellos II\u201d con un tiraje de 48 ejemplares cada una, que tambi\u00e9n estar\u00e1n presentes en el stand de la entidad en la feria. \u201cEs para AMIA un honor volver a ser invitada, por segundo a\u00f1o consecutivo a participar de ArteBA con una iniciativa que combina arte y solidaridad\u201d, asegur\u00f3 Elio Kapszuk, director del \u00e1rea de Arte y Producci\u00f3n de la instituci\u00f3n.<\/p>\n<p>\u201cEste programa est\u00e1 pensado para ser ofrecido a coleccionistas y admiradores del arte local. Lo recaudado por la venta de las obras se destina a los programas de promoci\u00f3n de la memoria que realizamos, y a los proyectos de inclusi\u00f3n social que se llevan adelante para dar respuesta a la poblaci\u00f3n m\u00e1s vulnerable\u201d, explic\u00f3. ArteBA podr\u00e1 visitarse del viernes 7 al domingo 9 de octubre, en el Centro Costa Salguero, donde se dar\u00e1n cita las galer\u00edas locales m\u00e1s relevantes del pa\u00eds y de la regi\u00f3n. Las personas interesadas en conocer m\u00e1s sobre este proyecto y formar parte de esta iniciativa que conjuga arte y solidaridad, pueden escribir a testimonio@amia.org.ar.<\/p>\n","protected":false},"excerpt":{"rendered":"<p>En el marco de la nueva edici\u00f3n de ArteBA, AMIA expondr\u00e1 su programa \u201cArte y Solidaridad\u201d, una iniciativa integrada por dos proyectos que conjugan el talento y la creaci\u00f3n art\u00edstica con la posibilidad de cooperar con las iniciativas sociales que la instituci\u00f3n lleva adelante.Por un lado, en la feria de arte contempor\u00e1neo m\u00e1s importante del [&hellip;]<\/p>\n","protected":false},"author":2,"featured_media":40759,"comment_status":"open","ping_status":"open","sticky":false,"template":"","format":"standard","meta":{"_et_pb_use_builder":"","_et_pb_old_content":"","_et_gb_content_width":"","footnotes":""},"categories":[11,33],"tags":[],"class_list":["post-40758","post","type-post","status-publish","format-standard","has-post-thumbnail","hentry","category-ciudad","category-sociedad-y-cultura-2"],"_links":{"self":[{"href":"https:\/\/vocesdebaires.com.ar\/index.php\/wp-json\/wp\/v2\/posts\/40758"}],"collection":[{"href":"https:\/\/vocesdebaires.com.ar\/index.php\/wp-json\/wp\/v2\/posts"}],"about":[{"href":"https:\/\/vocesdebaires.com.ar\/index.php\/wp-json\/wp\/v2\/types\/post"}],"author":[{"embeddable":true,"href":"https:\/\/vocesdebaires.com.ar\/index.php\/wp-json\/wp\/v2\/users\/2"}],"replies":[{"embeddable":true,"href":"https:\/\/vocesdebaires.com.ar\/index.php\/wp-json\/wp\/v2\/comments?post=40758"}],"version-history":[{"count":1,"href":"https:\/\/vocesdebaires.com.ar\/index.php\/wp-json\/wp\/v2\/posts\/40758\/revisions"}],"predecessor-version":[{"id":40760,"href":"https:\/\/vocesdebaires.com.ar\/index.php\/wp-json\/wp\/v2\/posts\/40758\/revisions\/40760"}],"wp:featuredmedia":[{"embeddable":true,"href":"https:\/\/vocesdebaires.com.ar\/index.php\/wp-json\/wp\/v2\/media\/40759"}],"wp:attachment":[{"href":"https:\/\/vocesdebaires.com.ar\/index.php\/wp-json\/wp\/v2\/media?parent=40758"}],"wp:term":[{"taxonomy":"category","embeddable":true,"href":"https:\/\/vocesdebaires.com.ar\/index.php\/wp-json\/wp\/v2\/categories?post=40758"},{"taxonomy":"post_tag","embeddable":true,"href":"https:\/\/vocesdebaires.com.ar\/index.php\/wp-json\/wp\/v2\/tags?post=40758"}],"curies":[{"name":"wp","href":"https:\/\/api.w.org\/{rel}","templated":true}]}}