{"id":40775,"date":"2022-10-13T00:00:35","date_gmt":"2022-10-13T03:00:35","guid":{"rendered":"https:\/\/vocesdebaires.com.ar\/?p=40775"},"modified":"2022-10-12T22:55:40","modified_gmt":"2022-10-13T01:55:40","slug":"amiaaudiencia-en-la-corte-interamericana-de-derechos-humanos","status":"publish","type":"post","link":"https:\/\/vocesdebaires.com.ar\/index.php\/2022\/10\/13\/amiaaudiencia-en-la-corte-interamericana-de-derechos-humanos\/","title":{"rendered":"AMIA:Audiencia en la Corte Interamericana de Derechos Humanos"},"content":{"rendered":"<p>Hoy jueves 13 y ma\u00f1ana viernes 14 de octubre, se llevar\u00e1 a cabo una audiencia p\u00fablica por la causa AMIA ante la Corte Interamericana de Derechos Humanos en Montevideo. All\u00ed, los familiares de las v\u00edctimas nucleados en Memoria Activa, junto al CELS, expondremos el caso y as\u00ed lo har\u00e1 tambi\u00e9n el Estado argentino. Esta causa internacional se inici\u00f3 en 1999 a ra\u00edz de la denuncia de Memoria Activa al Estado argentino por la falta de prevenci\u00f3n del atentado, y el posterior encubrimiento y denegaci\u00f3n de verdad y justicia.<\/p>\n<p>A esta instancia judicial se lleg\u00f3 a ra\u00edz del incumplimiento, por parte del Estado, de las demandas y compromisos (materializadas en el decreto 812\/05) acordados ante la Comisi\u00f3n Interamericana de Derechos Humanos (CIDH). Tras la audiencia, la Corte fijar\u00e1 una nueva fecha en la cual dictar\u00e1 una sentencia. Esperamos que la decisi\u00f3n de los jueves represente una condena al Estado argentino, a partir de la cual sea posible avanzar de una vez en el camino de la verdad y la justicia. Las audiencias se transmitir\u00e1n en vivo en el canal de Youtube de la Corte. Gracias por acompa\u00f1arnos en esta lucha por verdad y justicia.<\/p>\n","protected":false},"excerpt":{"rendered":"<p>Hoy jueves 13 y ma\u00f1ana viernes 14 de octubre, se llevar\u00e1 a cabo una audiencia p\u00fablica por la causa AMIA ante la Corte Interamericana de Derechos Humanos en Montevideo. All\u00ed, los familiares de las v\u00edctimas nucleados en Memoria Activa, junto al CELS, expondremos el caso y as\u00ed lo har\u00e1 tambi\u00e9n el Estado argentino. Esta causa [&hellip;]<\/p>\n","protected":false},"author":2,"featured_media":39402,"comment_status":"open","ping_status":"open","sticky":false,"template":"","format":"standard","meta":{"_et_pb_use_builder":"","_et_pb_old_content":"","_et_gb_content_width":"","footnotes":""},"categories":[11,33],"tags":[],"class_list":["post-40775","post","type-post","status-publish","format-standard","has-post-thumbnail","hentry","category-ciudad","category-sociedad-y-cultura-2"],"_links":{"self":[{"href":"https:\/\/vocesdebaires.com.ar\/index.php\/wp-json\/wp\/v2\/posts\/40775"}],"collection":[{"href":"https:\/\/vocesdebaires.com.ar\/index.php\/wp-json\/wp\/v2\/posts"}],"about":[{"href":"https:\/\/vocesdebaires.com.ar\/index.php\/wp-json\/wp\/v2\/types\/post"}],"author":[{"embeddable":true,"href":"https:\/\/vocesdebaires.com.ar\/index.php\/wp-json\/wp\/v2\/users\/2"}],"replies":[{"embeddable":true,"href":"https:\/\/vocesdebaires.com.ar\/index.php\/wp-json\/wp\/v2\/comments?post=40775"}],"version-history":[{"count":1,"href":"https:\/\/vocesdebaires.com.ar\/index.php\/wp-json\/wp\/v2\/posts\/40775\/revisions"}],"predecessor-version":[{"id":40776,"href":"https:\/\/vocesdebaires.com.ar\/index.php\/wp-json\/wp\/v2\/posts\/40775\/revisions\/40776"}],"wp:featuredmedia":[{"embeddable":true,"href":"https:\/\/vocesdebaires.com.ar\/index.php\/wp-json\/wp\/v2\/media\/39402"}],"wp:attachment":[{"href":"https:\/\/vocesdebaires.com.ar\/index.php\/wp-json\/wp\/v2\/media?parent=40775"}],"wp:term":[{"taxonomy":"category","embeddable":true,"href":"https:\/\/vocesdebaires.com.ar\/index.php\/wp-json\/wp\/v2\/categories?post=40775"},{"taxonomy":"post_tag","embeddable":true,"href":"https:\/\/vocesdebaires.com.ar\/index.php\/wp-json\/wp\/v2\/tags?post=40775"}],"curies":[{"name":"wp","href":"https:\/\/api.w.org\/{rel}","templated":true}]}}