{"id":40780,"date":"2022-10-13T00:00:23","date_gmt":"2022-10-13T03:00:23","guid":{"rendered":"https:\/\/vocesdebaires.com.ar\/?p=40780"},"modified":"2022-10-12T23:06:06","modified_gmt":"2022-10-13T02:06:06","slug":"amiamesa-directiva-de-la-red-argentina-del-pacto-global-de-la-onu","status":"publish","type":"post","link":"https:\/\/vocesdebaires.com.ar\/index.php\/2022\/10\/13\/amiamesa-directiva-de-la-red-argentina-del-pacto-global-de-la-onu\/","title":{"rendered":"AMIA:Mesa Directiva de la Red Argentina del Pacto Global de la ONU"},"content":{"rendered":"<p>AMIA fue designada como integrante titular de la Mesa Directiva de la Red Argentina del Pacto Global, para el per\u00edodo 2022-2024. El nuevo Comit\u00e9 Directivo se present\u00f3 en el marco del encuentro \u201cEmpresas por un mundo mejor: 8va Asamblea Nacional de Pacto Global Argentina\u201d, que se realiz\u00f3 el martes 27 de septiembre en el Auditorio de OSDE. Pacto Global es la iniciativa de responsabilidad social corporativa m\u00e1s grande del pa\u00eds, con m\u00e1s de 900 participantes y presencia en 20 provincias. Su objetivo es movilizar al sector empresarial as\u00ed como a otros stakeholders a comprometerse con 10 principios universales de las Naciones Unidas y, en consecuencia, embarcarse en el prop\u00f3sito de contribuir a dar soluci\u00f3n a los m\u00e1s grandes desaf\u00edos del planeta y la humanidad de aqu\u00ed al 2030: los Objetivos de Desarrollo Sostenible aprobados en la Asamblea General de las Naciones Unidas en Septiembre de 2015.<\/p>\n<p>Es as\u00ed que propone tratar los Objetivos Globales como asuntos locales ya que se precisa la colaboraci\u00f3n de todos los actores, p\u00fablicos y privados, en todos los rincones del planeta articulados global y localmente para avanzar de manera sustantiva en esta Agenda 2030 com\u00fan y compartida. La Red local, lanzada en 2004, posee actualmente una Mesa Directiva compuesta por 34 miembros, que se renueva cada dos a\u00f1os a trav\u00e9s de una asamblea. Est\u00e1 conformada por organizaciones que pertenecen al \u00e1mbito p\u00fablico, privado y al tercer sector, y tiene como prop\u00f3sito fomentar en el pa\u00eds el cumplimiento de los diecisiete Objetivos de Desarrollo Sostenible (ODS) que propone la ONU para mejorar el bienestar general de la sociedad.<\/p>\n<p>Entre las metas propuestas, en vistas a la \u201cAgenda 2030\u201d de las Naciones Unidas, se destacan los ODS \u201cFin de la pobreza\u201d (1), \u201cSalud y Bienestar\u201d (3), \u201cEducaci\u00f3n de calidad\u201d (4), \u201cAcci\u00f3n por el clima\u201d (13) y \u201cPaz, justicia e instituciones s\u00f3lidas\u201d (16), entre otras. La mencionada Mesa Directiva es el gobierno corporativo de la iniciativa en el pa\u00eds. Su funci\u00f3n es aportar liderazgo estrat\u00e9gico en cuestiones relacionadas con la implementaci\u00f3n de los Principios del Pacto Global y sus actividades; promover la adhesi\u00f3n de organizaciones a trav\u00e9s de su cadena de valor o de socios empresariales; participar de las reuniones planificadas; y aprobar y dar seguimiento al Plan Anual de actividades. En representaci\u00f3n de AMIA particip\u00f3 Fernando Passarelli, coordinador del programa VALOR RSE + Competitividad, un proyecto ejecutado con el apoyo del BID para acompa\u00f1ar a las empresas en la gesti\u00f3n sostenible de su cadena de valor, mediante consultor\u00edas y capacitaciones.<\/p>\n","protected":false},"excerpt":{"rendered":"<p>AMIA fue designada como integrante titular de la Mesa Directiva de la Red Argentina del Pacto Global, para el per\u00edodo 2022-2024. El nuevo Comit\u00e9 Directivo se present\u00f3 en el marco del encuentro \u201cEmpresas por un mundo mejor: 8va Asamblea Nacional de Pacto Global Argentina\u201d, que se realiz\u00f3 el martes 27 de septiembre en el Auditorio [&hellip;]<\/p>\n","protected":false},"author":2,"featured_media":40781,"comment_status":"open","ping_status":"open","sticky":false,"template":"","format":"standard","meta":{"_et_pb_use_builder":"","_et_pb_old_content":"","_et_gb_content_width":"","footnotes":""},"categories":[11,33],"tags":[],"class_list":["post-40780","post","type-post","status-publish","format-standard","has-post-thumbnail","hentry","category-ciudad","category-sociedad-y-cultura-2"],"_links":{"self":[{"href":"https:\/\/vocesdebaires.com.ar\/index.php\/wp-json\/wp\/v2\/posts\/40780"}],"collection":[{"href":"https:\/\/vocesdebaires.com.ar\/index.php\/wp-json\/wp\/v2\/posts"}],"about":[{"href":"https:\/\/vocesdebaires.com.ar\/index.php\/wp-json\/wp\/v2\/types\/post"}],"author":[{"embeddable":true,"href":"https:\/\/vocesdebaires.com.ar\/index.php\/wp-json\/wp\/v2\/users\/2"}],"replies":[{"embeddable":true,"href":"https:\/\/vocesdebaires.com.ar\/index.php\/wp-json\/wp\/v2\/comments?post=40780"}],"version-history":[{"count":1,"href":"https:\/\/vocesdebaires.com.ar\/index.php\/wp-json\/wp\/v2\/posts\/40780\/revisions"}],"predecessor-version":[{"id":40782,"href":"https:\/\/vocesdebaires.com.ar\/index.php\/wp-json\/wp\/v2\/posts\/40780\/revisions\/40782"}],"wp:featuredmedia":[{"embeddable":true,"href":"https:\/\/vocesdebaires.com.ar\/index.php\/wp-json\/wp\/v2\/media\/40781"}],"wp:attachment":[{"href":"https:\/\/vocesdebaires.com.ar\/index.php\/wp-json\/wp\/v2\/media?parent=40780"}],"wp:term":[{"taxonomy":"category","embeddable":true,"href":"https:\/\/vocesdebaires.com.ar\/index.php\/wp-json\/wp\/v2\/categories?post=40780"},{"taxonomy":"post_tag","embeddable":true,"href":"https:\/\/vocesdebaires.com.ar\/index.php\/wp-json\/wp\/v2\/tags?post=40780"}],"curies":[{"name":"wp","href":"https:\/\/api.w.org\/{rel}","templated":true}]}}