{"id":40796,"date":"2022-10-14T00:15:46","date_gmt":"2022-10-14T03:15:46","guid":{"rendered":"https:\/\/vocesdebaires.com.ar\/?p=40796"},"modified":"2022-10-14T00:15:46","modified_gmt":"2022-10-14T03:15:46","slug":"ciudad-subte-lanzo-un-plan-para-renovar-20-estaciones-de-la-red","status":"publish","type":"post","link":"https:\/\/vocesdebaires.com.ar\/index.php\/2022\/10\/14\/ciudad-subte-lanzo-un-plan-para-renovar-20-estaciones-de-la-red\/","title":{"rendered":"Ciudad: Subte lanz\u00f3 un plan para renovar 20 estaciones de la red"},"content":{"rendered":"<p>Subterr\u00e1neos de Buenos Aires S.E. (SBASE) llam\u00f3 a licitaci\u00f3n para avanzar con un plan de puesta en valor de estaciones, con el objetivo de mejorar la infraestructura existente y la experiencia de viaje de los usuarios y usuarias. La propuesta abarca un total de 20 estaciones y en una primera etapa se trabajar\u00e1 en seis: Castro Barros y Acoyte (L\u00ednea A), San Mart\u00edn (L\u00ednea C), Bulnes y Facultad de Medicina (L\u00ednea D), y Jujuy (L\u00ednea E).<\/p>\n<p>Se trata de una renovaci\u00f3n integral que incluir\u00e1 trabajos de impermeabilizaci\u00f3n, pintura, recambio de solados y luminarias, trabajos de herrer\u00eda, reordenamiento del tendido el\u00e9ctrico, adecuaci\u00f3n de se\u00f1al\u00e9tica, colocaci\u00f3n de se\u00f1alizaci\u00f3n braille en pasamanos y p\u00f3rticos, y nuevo mobiliario en and\u00e9n, como bancos, cestos y apoyos isqui\u00e1ticos. De esta manera, se apunta a garantizar una mejor circulaci\u00f3n por las estaciones, al transformarlas en espacios m\u00e1s c\u00f3modos, ordenados y con mayor iluminaci\u00f3n.<\/p>\n<p>En el caso de las estaciones patrimoniales -que son trece-, se contar\u00e1 con el asesoramiento de la Direcci\u00f3n General de Patrimonio, Museos y Casco Hist\u00f3rico del Gobierno de la Ciudad. Esta primera etapa comenzar\u00e1 a ejecutarse a principios de 2023. En una segunda etapa se trabajar\u00e1 en Lima (L\u00ednea A); Carlos Pellegrini, Uruguay, Pasteur-Amia, Pueyrred\u00f3n y Carlos Gardel (L\u00ednea B); Diagonal Norte (L\u00ednea C); y Catedral, 9 de Julio, Tribunales, Ag\u00fcero, Scalabrini Ortiz, Plaza Italia y Plaza Italia (L\u00ednea D). La elecci\u00f3n y priorizaci\u00f3n de cada estaci\u00f3n se hizo en base a dos factores: la complejidad de los trabajos a realizar y la cantidad de pasajeros que circula por cada una de ellas.<\/p>\n","protected":false},"excerpt":{"rendered":"<p>Subterr\u00e1neos de Buenos Aires S.E. (SBASE) llam\u00f3 a licitaci\u00f3n para avanzar con un plan de puesta en valor de estaciones, con el objetivo de mejorar la infraestructura existente y la experiencia de viaje de los usuarios y usuarias. La propuesta abarca un total de 20 estaciones y en una primera etapa se trabajar\u00e1 en seis: [&hellip;]<\/p>\n","protected":false},"author":3,"featured_media":40797,"comment_status":"open","ping_status":"open","sticky":false,"template":"","format":"standard","meta":{"_et_pb_use_builder":"","_et_pb_old_content":"","_et_gb_content_width":"","footnotes":""},"categories":[11,33],"tags":[],"class_list":["post-40796","post","type-post","status-publish","format-standard","has-post-thumbnail","hentry","category-ciudad","category-sociedad-y-cultura-2"],"_links":{"self":[{"href":"https:\/\/vocesdebaires.com.ar\/index.php\/wp-json\/wp\/v2\/posts\/40796"}],"collection":[{"href":"https:\/\/vocesdebaires.com.ar\/index.php\/wp-json\/wp\/v2\/posts"}],"about":[{"href":"https:\/\/vocesdebaires.com.ar\/index.php\/wp-json\/wp\/v2\/types\/post"}],"author":[{"embeddable":true,"href":"https:\/\/vocesdebaires.com.ar\/index.php\/wp-json\/wp\/v2\/users\/3"}],"replies":[{"embeddable":true,"href":"https:\/\/vocesdebaires.com.ar\/index.php\/wp-json\/wp\/v2\/comments?post=40796"}],"version-history":[{"count":1,"href":"https:\/\/vocesdebaires.com.ar\/index.php\/wp-json\/wp\/v2\/posts\/40796\/revisions"}],"predecessor-version":[{"id":40798,"href":"https:\/\/vocesdebaires.com.ar\/index.php\/wp-json\/wp\/v2\/posts\/40796\/revisions\/40798"}],"wp:featuredmedia":[{"embeddable":true,"href":"https:\/\/vocesdebaires.com.ar\/index.php\/wp-json\/wp\/v2\/media\/40797"}],"wp:attachment":[{"href":"https:\/\/vocesdebaires.com.ar\/index.php\/wp-json\/wp\/v2\/media?parent=40796"}],"wp:term":[{"taxonomy":"category","embeddable":true,"href":"https:\/\/vocesdebaires.com.ar\/index.php\/wp-json\/wp\/v2\/categories?post=40796"},{"taxonomy":"post_tag","embeddable":true,"href":"https:\/\/vocesdebaires.com.ar\/index.php\/wp-json\/wp\/v2\/tags?post=40796"}],"curies":[{"name":"wp","href":"https:\/\/api.w.org\/{rel}","templated":true}]}}