{"id":40802,"date":"2022-10-14T00:31:53","date_gmt":"2022-10-14T03:31:53","guid":{"rendered":"https:\/\/vocesdebaires.com.ar\/?p=40802"},"modified":"2022-10-14T00:31:53","modified_gmt":"2022-10-14T03:31:53","slug":"ciudadcentro-unico-para-asistir-a-mujeres-victimas-de-violencia","status":"publish","type":"post","link":"https:\/\/vocesdebaires.com.ar\/index.php\/2022\/10\/14\/ciudadcentro-unico-para-asistir-a-mujeres-victimas-de-violencia\/","title":{"rendered":"Ciudad:Centro \u00danico para asistir a mujeres v\u00edctimas de violencia"},"content":{"rendered":"<p>La ministra de Desarrollo Humano y Habitat, Maria Migliore; el secretario de Inclusi\u00f3n Social y Atenci\u00f3n Inmediata, Sergio Constantino; y la Directora General de la Mujer, Carolina Barone, visitaron el Centro de Inclusi\u00f3n Social (CIS) \u201cJulieta Lanteri\u201d, que combina toda la experiencia del equipo territorial del BAP y los profesionales de los Centros de Inclusi\u00f3n, con la capacidad de acompa\u00f1amiento integral de la Direcci\u00f3n General de la Mujer para resolver cada caso de violencia de g\u00e9nero.<\/p>\n<p>El objetivo es, inicialmente atender la emergencia habitacional de las mujeres y sus hijos, en caso de que los tuvieran y, luego comenzar a transitar el camino de acompa\u00f1amiento integral que se realiza con las psic\u00f3logas y expertas de la Direcci\u00f3n de la Mujer del Gobierno de la Ciudad.\u00a0 Este dispositivo apunta a estimular las potencialidades de las personas alojadas, con el objetivo de generar cambios o modificaciones en sus comportamientos, a partir del establecimiento de relaciones saludables, la promoci\u00f3n de autonom\u00eda y la libertad de elecci\u00f3n. \u201cLa realidad es que muchas mujeres que se encuentran en situaci\u00f3n de calle en la Ciudad de Buenos Aires necesitan apoyo para asimilar cada una de las dimensiones de la situaci\u00f3n que atraviesan que es muy dolorosa y compleja.<\/p>\n<p>Con esta propuesta, que es llevada adelante con el esfuerzo de profesionales especializados, buscamos transformar esas necesidades en oportunidades, y as\u00ed avanzar hacia una sociedad m\u00e1s justa, igualitaria y sin violencias contra las mujeres\u201d, expres\u00f3 Mar\u00eda Migliore. En tanto, Sergio Constantino dijo: \u201cDesde la Ciudad trabajamos con la convicci\u00f3n de que la mejor pol\u00edtica p\u00fablica es estar junto a quienes m\u00e1s nos necesitan. En nuestro Centro Julieta Lanteri, albergamos a mujeres en situaci\u00f3n de vulnerabilidad social, o solas con hijos, que est\u00e1n atravesando alguna situaci\u00f3n de violencia de g\u00e9nero, ofreci\u00e9ndoles asistencia integral para ayudarlas a reconstruir su proyecto de vida\u201d.<\/p>\n<p>Por \u00faltimo, la Directora General de la Mujer Carolina Barone, resalt\u00f3 la importancia de poder implementar pol\u00edticas p\u00fablicas destinadas a dar respuestas a este tipo de situaciones, y destac\u00f3 el rol del gobierno porte\u00f1o que \u201ctodos los d\u00edas trabaja para poder dar respuestas a las mujeres y a sus hijos para que puedan desarrollar un proyecto de vida aut\u00f3nomo y libre de violencias\u201d.<br \/>\nLa gesti\u00f3n del dispositivo se realiza en forma conjunta y coordinada con los equipos de la Direcci\u00f3n General de la Mujer y de la Direcci\u00f3n General de Atenci\u00f3n Integral Inmediata (BAP), ambos en el \u00e1mbito del Ministerio de H\u00e1bitat y Desarrollo Humano.<\/p>\n<p>La Direcci\u00f3n General de la Mujer proveer\u00e1 de un equipo t\u00e9cnico interdisciplinario conformado por psic\u00f3loga con perspectiva de g\u00e9nero; psic\u00f3loga infantil; m\u00e9dica generalista; abogada con perspectiva de g\u00e9nero; trabajadora social; recre\u00f3loga; psicopedagoga; m\u00e9dica psiquiatra; y coordinaci\u00f3n de equipo t\u00e9cnico. Por su parte, la Direcci\u00f3n General de Atenci\u00f3n Integral Inmediata tendr\u00e1 a cargo la gesti\u00f3n de seguridad; alimento; limpieza; mantenimiento integral; log\u00edstica; equipo t\u00e9cnico especializado en abordaje a personas en situaci\u00f3n de calle.<\/p>\n<p>Adem\u00e1s, la casa de tr\u00e1nsito tambi\u00e9n cuenta con un \u201croperito\u201d, que le brinda a las mujeres y a sus hijos, la posibilidad de contar con una muda de ropa limpia. Tambi\u00e9n cuentan con una lavander\u00eda para que puedan lavar sus pertenencias. Este espacio se suma y complementa con otras herramientas con las que ya cuenta el Gobierno de la Ciudad, como la L\u00ednea 108 y el BAP, los Centros Integrales de la Mujer y la L\u00ednea 144, entre otras.<\/p>\n","protected":false},"excerpt":{"rendered":"<p>La ministra de Desarrollo Humano y Habitat, Maria Migliore; el secretario de Inclusi\u00f3n Social y Atenci\u00f3n Inmediata, Sergio Constantino; y la Directora General de la Mujer, Carolina Barone, visitaron el Centro de Inclusi\u00f3n Social (CIS) \u201cJulieta Lanteri\u201d, que combina toda la experiencia del equipo territorial del BAP y los profesionales de los Centros de Inclusi\u00f3n, [&hellip;]<\/p>\n","protected":false},"author":2,"featured_media":40803,"comment_status":"open","ping_status":"open","sticky":false,"template":"","format":"standard","meta":{"_et_pb_use_builder":"","_et_pb_old_content":"","_et_gb_content_width":"","footnotes":""},"categories":[11,33],"tags":[],"class_list":["post-40802","post","type-post","status-publish","format-standard","has-post-thumbnail","hentry","category-ciudad","category-sociedad-y-cultura-2"],"_links":{"self":[{"href":"https:\/\/vocesdebaires.com.ar\/index.php\/wp-json\/wp\/v2\/posts\/40802"}],"collection":[{"href":"https:\/\/vocesdebaires.com.ar\/index.php\/wp-json\/wp\/v2\/posts"}],"about":[{"href":"https:\/\/vocesdebaires.com.ar\/index.php\/wp-json\/wp\/v2\/types\/post"}],"author":[{"embeddable":true,"href":"https:\/\/vocesdebaires.com.ar\/index.php\/wp-json\/wp\/v2\/users\/2"}],"replies":[{"embeddable":true,"href":"https:\/\/vocesdebaires.com.ar\/index.php\/wp-json\/wp\/v2\/comments?post=40802"}],"version-history":[{"count":1,"href":"https:\/\/vocesdebaires.com.ar\/index.php\/wp-json\/wp\/v2\/posts\/40802\/revisions"}],"predecessor-version":[{"id":40804,"href":"https:\/\/vocesdebaires.com.ar\/index.php\/wp-json\/wp\/v2\/posts\/40802\/revisions\/40804"}],"wp:featuredmedia":[{"embeddable":true,"href":"https:\/\/vocesdebaires.com.ar\/index.php\/wp-json\/wp\/v2\/media\/40803"}],"wp:attachment":[{"href":"https:\/\/vocesdebaires.com.ar\/index.php\/wp-json\/wp\/v2\/media?parent=40802"}],"wp:term":[{"taxonomy":"category","embeddable":true,"href":"https:\/\/vocesdebaires.com.ar\/index.php\/wp-json\/wp\/v2\/categories?post=40802"},{"taxonomy":"post_tag","embeddable":true,"href":"https:\/\/vocesdebaires.com.ar\/index.php\/wp-json\/wp\/v2\/tags?post=40802"}],"curies":[{"name":"wp","href":"https:\/\/api.w.org\/{rel}","templated":true}]}}