{"id":40805,"date":"2022-10-14T00:37:55","date_gmt":"2022-10-14T03:37:55","guid":{"rendered":"https:\/\/vocesdebaires.com.ar\/?p=40805"},"modified":"2022-10-14T00:37:55","modified_gmt":"2022-10-14T03:37:55","slug":"tandil-quesos-rosados-para-concientizar-sobre-el-cancer-de-mama","status":"publish","type":"post","link":"https:\/\/vocesdebaires.com.ar\/index.php\/2022\/10\/14\/tandil-quesos-rosados-para-concientizar-sobre-el-cancer-de-mama\/","title":{"rendered":"Tandil: Quesos rosados para concientizar sobre el c\u00e1ncer de mama"},"content":{"rendered":"<p>Durante todo el mes de octubre, diversas instituciones y empresas buscan concientizar a la comunidad en relaci\u00f3n a la lucha contra el c\u00e1ncer de mama. En Tandil se concreta este mes la cuarta edici\u00f3n de la Campa\u00f1a de los Quesos Rosados y todos los productos del Cluster quesero se pintan de rosa con el fin de despertar el inter\u00e9s en la lucha contra esta enfermedad.<br \/>\nEl grupo \u00abCon vos\u00bb, el Cluster Quesero de Tandil y los centros Diagn\u00f3stico Casanova, Diagn\u00f3stico M\u00e9dico de Martino y el Dr. Marcelo Jaimovich unieron esfuerzos y llevan adelante #QuesosRosas.<\/p>\n<p>La iniciativa surgi\u00f3 en 2019 impulsada por Mariano Berenstein y Aldo Antonutti, emprendedores de la industria l\u00e1ctea de Tandil que compartieron al Cluster la iniciativa para compartirla con toda la comunidad. La instituci\u00f3n quesera viene llevando adelante diversas acciones solidarias a las que se suman los productores asociados y se pretende llegar a todos los rincones de Argentina. A su vez, el grupo \u00abCon Vos\u00bb coordinar\u00e1 toda la acci\u00f3n haciendo un seguimiento de las pacientes. La ONG est\u00e1 compuesta por mujeres comprometidas que transitaron por el c\u00e1ncer mamario y pudieron superarlo.<\/p>\n<p>El grupo fue formado en 2015 para estar cerca de otras mujeres que deben afrontar el duro tratamiento, acompa\u00f1\u00e1ndolas como una red de contenci\u00f3n. La metodolog\u00eda de este a\u00f1o facilitar\u00e1 la realizaci\u00f3n de mamograf\u00edas gratuitas, con el objetivo de alcanzar un diagn\u00f3stico temprano, clave a la hora de lograr superar la enfermedad. El Sistema Integrado de Salud Municipal tambi\u00e9n acompa\u00f1a esta iniciativa, en la que mujeres que necesitan el estudio y concurren a los Centros Comunitarios tendr\u00e1n la posibilidad de recibir \u201cmamotickets\u201d.<\/p>\n<p>Con el apoyo de los centros de diagn\u00f3stico y las empresas queseras asociadas al Cluster, la campa\u00f1a #QuesosRosas logr\u00f3 realizar 159 mamograf\u00edas gratuitas durante el a\u00f1o pasado. La pintura para los quesos es donada por la empresa Alpha Qu\u00edmica y colabora en las gestiones de la campa\u00f1a la empresa local Agrilac. El pr\u00f3ximo 15 de octubre se realizar\u00e1 en el Colegio Santo Domingo una feria de la que tambi\u00e9n participar\u00e1n desde la ONG de acompa\u00f1amiento. Paralelamente el mismo d\u00eda ser\u00e1 la presentaci\u00f3n del libro \u00abTumor\u00bb, de la Licenciada en Psicolog\u00eda Mariana Naiman, organizada por Librer\u00eda Alfa y tendr\u00e1 lugar en Pinto 736 a las 15 hs. A su vez, se est\u00e1 avanzando en conversaciones para realizar algunas charlas y actividades en la Universidad Barrial, en el marco de los talleres que all\u00ed se ofrecen.<\/p>\n<p>M\u00e1s informaci\u00f3n en www.instagram.com\/convostandil y www.instagram.com\/clusterqueserotandil<\/p>\n","protected":false},"excerpt":{"rendered":"<p>Durante todo el mes de octubre, diversas instituciones y empresas buscan concientizar a la comunidad en relaci\u00f3n a la lucha contra el c\u00e1ncer de mama. En Tandil se concreta este mes la cuarta edici\u00f3n de la Campa\u00f1a de los Quesos Rosados y todos los productos del Cluster quesero se pintan de rosa con el fin [&hellip;]<\/p>\n","protected":false},"author":2,"featured_media":40806,"comment_status":"open","ping_status":"open","sticky":false,"template":"","format":"standard","meta":{"_et_pb_use_builder":"","_et_pb_old_content":"","_et_gb_content_width":"","footnotes":""},"categories":[13,33],"tags":[],"class_list":["post-40805","post","type-post","status-publish","format-standard","has-post-thumbnail","hentry","category-provincia","category-sociedad-y-cultura-2"],"_links":{"self":[{"href":"https:\/\/vocesdebaires.com.ar\/index.php\/wp-json\/wp\/v2\/posts\/40805"}],"collection":[{"href":"https:\/\/vocesdebaires.com.ar\/index.php\/wp-json\/wp\/v2\/posts"}],"about":[{"href":"https:\/\/vocesdebaires.com.ar\/index.php\/wp-json\/wp\/v2\/types\/post"}],"author":[{"embeddable":true,"href":"https:\/\/vocesdebaires.com.ar\/index.php\/wp-json\/wp\/v2\/users\/2"}],"replies":[{"embeddable":true,"href":"https:\/\/vocesdebaires.com.ar\/index.php\/wp-json\/wp\/v2\/comments?post=40805"}],"version-history":[{"count":1,"href":"https:\/\/vocesdebaires.com.ar\/index.php\/wp-json\/wp\/v2\/posts\/40805\/revisions"}],"predecessor-version":[{"id":40807,"href":"https:\/\/vocesdebaires.com.ar\/index.php\/wp-json\/wp\/v2\/posts\/40805\/revisions\/40807"}],"wp:featuredmedia":[{"embeddable":true,"href":"https:\/\/vocesdebaires.com.ar\/index.php\/wp-json\/wp\/v2\/media\/40806"}],"wp:attachment":[{"href":"https:\/\/vocesdebaires.com.ar\/index.php\/wp-json\/wp\/v2\/media?parent=40805"}],"wp:term":[{"taxonomy":"category","embeddable":true,"href":"https:\/\/vocesdebaires.com.ar\/index.php\/wp-json\/wp\/v2\/categories?post=40805"},{"taxonomy":"post_tag","embeddable":true,"href":"https:\/\/vocesdebaires.com.ar\/index.php\/wp-json\/wp\/v2\/tags?post=40805"}],"curies":[{"name":"wp","href":"https:\/\/api.w.org\/{rel}","templated":true}]}}