{"id":40808,"date":"2022-10-14T00:41:18","date_gmt":"2022-10-14T03:41:18","guid":{"rendered":"https:\/\/vocesdebaires.com.ar\/?p=40808"},"modified":"2022-10-14T00:41:18","modified_gmt":"2022-10-14T03:41:18","slug":"en-la-ciudadesta-abierta-la-inscripcion-al-ciclo-lectivo-2023","status":"publish","type":"post","link":"https:\/\/vocesdebaires.com.ar\/index.php\/2022\/10\/14\/en-la-ciudadesta-abierta-la-inscripcion-al-ciclo-lectivo-2023\/","title":{"rendered":"En la ciudad:Est\u00e1 abierta la inscripci\u00f3n al ciclo lectivo 2023"},"content":{"rendered":"<p>Desde el pasado lunes 3 hasta el domingo 23 de octubre de 2022, se encuentra abierto el per\u00edodo ordinario de Inscripci\u00f3n Escolar para el ciclo lectivo 2023. Esta etapa est\u00e1 destinada a aspirantes a todas las salas de Nivel Inicial, ingreso a 1.\u00b0 grado de Nivel Primario y a 1.\u00b0 a\u00f1o de Nivel Secundario. Tambi\u00e9n para las modalidades de Educaci\u00f3n Especial y Adultos y Adolescentes, que no tiene fecha l\u00edmite, mientras que para Nivel Terciario ser\u00e1 del 3 de octubre de 2022 hasta febrero de 2023.<\/p>\n<p>Una vez que las familias y\/o estudiantes realizan la preinscripci\u00f3n, deben completarla efectuando el control documental, que consiste en la presentaci\u00f3n de la documentaci\u00f3n que respalda la informaci\u00f3n suministrada en el sistema al momento de la preinscripci\u00f3n. Este tr\u00e1mite puede hacerse en l\u00ednea a trav\u00e9s del sistema o en alguno de los puntos presenciales habilitados (con turno previo) hasta el 28 de octubre. La publicaci\u00f3n de listados de asignaci\u00f3n de vacantes ser\u00e1 el 25 de noviembre. En buenosaires.gob.ar\/InscripcionEscolar est\u00e1 disponible el calendario del periodo ordinario y del complementario (que comienza el 7 de diciembre). Adem\u00e1s, podr\u00e1n conocer m\u00e1s sobre la oferta educativa de la Ciudad.<\/p>\n<p>Encontrar\u00e1n informaci\u00f3n sobre escuelas primarias, secundarias, t\u00e9cnicas, art\u00edsticas y medias, Institutos de Ense\u00f1anza Superior, \u00a1y m\u00e1s! Tambi\u00e9n podr\u00e1n acceder al buscador de establecimientos educativos de la Ciudad para explorar las caracter\u00edsticas de cada escuela como la ubicaci\u00f3n, las v\u00edas de contacto, un recorrido 360 por sus instalaciones y los programas educativos. Si tienen dudas, pueden consultar en buenosaires.gob.ar\/InscripcionEscolar los tutoriales con el paso a paso para hacer la preinscripci\u00f3n y las preguntas frecuentes que se encuentran al final de la p\u00e1gina. Tambi\u00e9n cuentan con el canal telef\u00f3nico de la Comunidad Educativa Conectada (CEC), pueden llamar al 0800-333-3382 de lunes a viernes de 8 a 20 h.<\/p>\n<p><strong>Los que deben preinscribirse a trav\u00e9s del Sistema de Inscripci\u00f3n en L\u00ednea<\/strong><br \/>\nEl sistema de Inscripci\u00f3n En L\u00ednea est\u00e1 dirigido a todos\/as los\/as aspirantes que ingresan por primera vez a un establecimiento educativo de gesti\u00f3n estatal de la Ciudad o que cambien de nivel educativo. Deben preinscribirse a trav\u00e9s del Sistema:<\/p>\n<p><strong>Alumnos\/as que comienzan su escolaridad.<\/strong><br \/>\nAlumnos\/as matriculados\/as en un establecimiento educativo de gesti\u00f3n estatal de la Ciudad que cambian de nivel (de Inicial a Primario o de Primario a Secundario).<br \/>\nAlumnos\/as provenientes de escuelas privadas de la Ciudad o de cualquier otra jurisdicci\u00f3n (sean privadas o estatales).<br \/>\nAlumnos\/as que desean ingresar a una carrera de Nivel Terciario de la Ciudad.<\/p>\n","protected":false},"excerpt":{"rendered":"<p>Desde el pasado lunes 3 hasta el domingo 23 de octubre de 2022, se encuentra abierto el per\u00edodo ordinario de Inscripci\u00f3n Escolar para el ciclo lectivo 2023. Esta etapa est\u00e1 destinada a aspirantes a todas las salas de Nivel Inicial, ingreso a 1.\u00b0 grado de Nivel Primario y a 1.\u00b0 a\u00f1o de Nivel Secundario. Tambi\u00e9n [&hellip;]<\/p>\n","protected":false},"author":2,"featured_media":40809,"comment_status":"open","ping_status":"open","sticky":false,"template":"","format":"standard","meta":{"_et_pb_use_builder":"","_et_pb_old_content":"","_et_gb_content_width":"","footnotes":""},"categories":[11,33],"tags":[],"class_list":["post-40808","post","type-post","status-publish","format-standard","has-post-thumbnail","hentry","category-ciudad","category-sociedad-y-cultura-2"],"_links":{"self":[{"href":"https:\/\/vocesdebaires.com.ar\/index.php\/wp-json\/wp\/v2\/posts\/40808"}],"collection":[{"href":"https:\/\/vocesdebaires.com.ar\/index.php\/wp-json\/wp\/v2\/posts"}],"about":[{"href":"https:\/\/vocesdebaires.com.ar\/index.php\/wp-json\/wp\/v2\/types\/post"}],"author":[{"embeddable":true,"href":"https:\/\/vocesdebaires.com.ar\/index.php\/wp-json\/wp\/v2\/users\/2"}],"replies":[{"embeddable":true,"href":"https:\/\/vocesdebaires.com.ar\/index.php\/wp-json\/wp\/v2\/comments?post=40808"}],"version-history":[{"count":1,"href":"https:\/\/vocesdebaires.com.ar\/index.php\/wp-json\/wp\/v2\/posts\/40808\/revisions"}],"predecessor-version":[{"id":40810,"href":"https:\/\/vocesdebaires.com.ar\/index.php\/wp-json\/wp\/v2\/posts\/40808\/revisions\/40810"}],"wp:featuredmedia":[{"embeddable":true,"href":"https:\/\/vocesdebaires.com.ar\/index.php\/wp-json\/wp\/v2\/media\/40809"}],"wp:attachment":[{"href":"https:\/\/vocesdebaires.com.ar\/index.php\/wp-json\/wp\/v2\/media?parent=40808"}],"wp:term":[{"taxonomy":"category","embeddable":true,"href":"https:\/\/vocesdebaires.com.ar\/index.php\/wp-json\/wp\/v2\/categories?post=40808"},{"taxonomy":"post_tag","embeddable":true,"href":"https:\/\/vocesdebaires.com.ar\/index.php\/wp-json\/wp\/v2\/tags?post=40808"}],"curies":[{"name":"wp","href":"https:\/\/api.w.org\/{rel}","templated":true}]}}