{"id":40839,"date":"2022-10-17T00:00:54","date_gmt":"2022-10-17T03:00:54","guid":{"rendered":"https:\/\/vocesdebaires.com.ar\/?p=40839"},"modified":"2022-10-16T22:11:42","modified_gmt":"2022-10-17T01:11:42","slug":"el-caso-amia-llego-a-la-corte-interamericana-de-derechos-humanos","status":"publish","type":"post","link":"https:\/\/vocesdebaires.com.ar\/index.php\/2022\/10\/17\/el-caso-amia-llego-a-la-corte-interamericana-de-derechos-humanos\/","title":{"rendered":"El caso AMIA lleg\u00f3 a la Corte Interamericana de Derechos Humanos"},"content":{"rendered":"<p>Este jueves 13 y viernes 14 de octubre, familiares nucleados en Memoria Activa nos presentamos ante le Corte Interamericana de Derechos Humanos para prestar testimonio y denunciar m\u00e1s de 28 a\u00f1os de desv\u00edos, impunidad y encubrimiento por parte de todas las esferas del Estado argentino en torno al caso AMIA. En una audiencia p\u00fablica que se realiz\u00f3 en Montevideo durante dos d\u00edas, declararon, primero, Adriana Reisfeld y Diana Wassner de Memoria Activa, seguido de peritos y alegatos del Estado argentino, la parte acusada, la querella y la Comisi\u00f3n Interamericana de Derechos Humanos (CIDH).<\/p>\n<p><strong>La querella<\/strong><br \/>\nEn sus testimonios, las representantes de Memoria Activa hicieron un recorrido por la lucha por verdad y justicia, iniciada el 18 de julio de 1994: \u201dFuimos v\u00edctimas de la impunidad, fuimos maltratadas. Y fuimos v\u00edctimas de todo lo que se podr\u00eda haber evitado y no se evit\u00f3\u201d, dijo Diana Wassner. Ante numerosas preguntas de los jueces, tambi\u00e9n mencionaron la denuncia internacional efectuada en 1999 ante la Comisi\u00f3n Interamericana de Derechos Humanos y el incumplimiento de los compromisos asumidos por el Estado argentino en torno al caso AMIA, raz\u00f3n por la cual se arrib\u00f3 a esta instancia ante la Corte. \u201c Tuvimos un Estado ausente durante 28 a\u00f1os\u201d, expres\u00f3 Adriana Reisfeld.<\/p>\n<p>Ese Estado es el mismo que pareci\u00f3 tambi\u00e9n \u201causente\u201d durante la audiencia: no hab\u00eda ning\u00fan funcionario de rango y solamente hizo uso de la palabra en su alegato en el que reiter\u00f3 su responsabilidad por la violaci\u00f3n de los derechos a la vida, a la verdad, a la informaci\u00f3n y a la justicia, y reconoci\u00f3 que \u201cno cumpli\u00f3 \u00edntegramente\u201d con sus obligaciones. Asimismo, el Estado expres\u00f3 su reconocimiento a la lucha de los familiares.<\/p>\n<p>\u201cLa Rep\u00fablica Argentina honra a la querella de Memoria Activa por su b\u00fasqueda de justicia y coherencia tantos a\u00f1os, cosa que no hizo la fiscal\u00eda del caso\u201d; y reiter\u00f3 su \u201ccompromiso ante la Corte para cumplir con las \u00f3rdenes que oportunamente se dicten, como una sentencia vinculante de vocaci\u00f3n transformadora\u201d. Si bien no est\u00e1n de m\u00e1s las afirmaciones del Estado, cierto es que, m\u00e1s de 28 a\u00f1os despu\u00e9s, de nada sirven si no se materializan en cambios significativos en todas sus \u00e1reas y poderes, que garanticen los derechos de las v\u00edctimas, sus familiares y de toda la sociedad.<\/p>\n<p><strong>Testigos<\/strong><br \/>\nEn la audiencia, tambi\u00e9n declararon expertos, quienes aportaron su visi\u00f3n profesional acerca del proceso y sistemas de investigaci\u00f3n del Estado. El perito judicial Fernando Dom\u00ednguez habl\u00f3 sobre la \u201cnefasta\u201d actuaci\u00f3n de los organismos de inteligencia en la causa AMIA y opin\u00f3 que \u201d si hoy hubiese un nuevo atentado en nuestro pa\u00eds, ocurrir\u00edan los mismos problemas. Porque no hay una agencia de investigaci\u00f3n\u201d. En la misma l\u00ednea, la perita Natalia Federman, quien trabaj\u00f3 en el proceso de desclasificaci\u00f3n de archivos, declar\u00f3 que \u201c la informaci\u00f3n en la causa AMIA es inaccesible para las partes y para la sociedad en su conjunto, a pesar de que en 2020 se dict\u00f3 un decreto de desclasificaci\u00f3n\u201d.<\/p>\n<p>Dijo tambi\u00e9n que \u201clas pr\u00e1cticas burocr\u00e1ticas de los organismos de inteligencia, su completa autonom\u00eda y falta de control externo, llevaron al estado actual de la causa\u201d. Prest\u00f3 testimonio, a su vez, la perita por la CIDH Blanca Bazaco. Apunt\u00f3, entre otras cuestiones, que \u201dexiste un fuerte v\u00ednculo entre los documentos tangibles y la defensa de los DDHH\u201d y que \u201dse tiene que establecer una ley de archivos que establezca un \u00f3rgano rector dentro del sistema archiv\u00edstico\u201d.<\/p>\n<p><strong>Alegato de Memoria Activa<\/strong><br \/>\nFinalmente, en el alegato, los familiares y amigos de las v\u00edctimas del atentado nucleados en Memoria Activa resaltamos que \u201cpasados casi 30 a\u00f1os, con una investigaci\u00f3n arruinada y dif\u00edcil de reconducir, la dimensi\u00f3n individual del derecho a saber y colectiva del derecho a la verdad cobran fuerza. Es lo que todav\u00eda se puede hacer. Es \u00e9tica y pol\u00edticamente ineludible\u201d. Es por ello que reclamamos, entre otras medidas, que el Estado garantice una unidad fiscal independiente, comprometida con la investigaci\u00f3n, con la reconstrucci\u00f3n de la verdad, y abierta al di\u00e1logo permanente con las v\u00edctimas. Pedimos, a su vez, garantizar la desclasificaci\u00f3n de archivos y establecer nueva jurisprudencia al respecto.<\/p>\n<p>Al finalizar la audiencia, el presidente de la Corte, Ricardo P\u00e9rez Manrique, inst\u00f3 al Estado argentino a que comenzar de inmediato con las reformas sin esperar a la sentencia. Es en esa l\u00ednea que esperamos la Corte, en su dictamen, obligue al Estado a realizar cambios sustanciales en lo relativo a la investigaci\u00f3n y que efectivamente disponga reformas para que en Argentina haya juicios serios, libres de desv\u00edos y encubrimientos. Solicitamos, en definitiva, recursos que har\u00e1n que vivamos todos en un pa\u00eds m\u00e1s justo para que nunca m\u00e1s ocurra lo que sucedi\u00f3 con la causa AMIA.<\/p>\n<p>La audiencia, para nosotros, represent\u00f3 un \u00faltimo escal\u00f3n en la lucha de tantos a\u00f1os y un halo de esperanza depositado en la sentencia de la Corte. El camino hacia la verdad y la justicia ha sido largo, laber\u00edntico, complejo, frustrante, decepcionante y aun as\u00ed continuamos persiguiendo nuestros derechos, en gran parte, gracias al apoyo y colaboraci\u00f3n del CELS y otros organismos de DDHH, y a los compa\u00f1eros de lucha de Memoria Activa.<\/p>\n<p>Sin embargo, tras esta experiencia a nivel internacional, ya no nos quedan puertas por tocar ni instancias judiciales serias para descubrir la verdad. Pocas oportunidades ha habido como esta en una lucha contra quienes, desde espacios de alto poder, a\u00fan siguen trabajando a favor de la impunidad. Es por eso que, como dijo Adriana Reisfeld, \u201c de la Corte esperamos simplemente justicia\u201d. La sentencia de la causa internacional AMIA llegar\u00e1 en aproximadamente tres meses. La grabaci\u00f3n de la audiencia con las declaraciones de las partes puede verse aqu\u00ed.<\/p>\n","protected":false},"excerpt":{"rendered":"<p>Este jueves 13 y viernes 14 de octubre, familiares nucleados en Memoria Activa nos presentamos ante le Corte Interamericana de Derechos Humanos para prestar testimonio y denunciar m\u00e1s de 28 a\u00f1os de desv\u00edos, impunidad y encubrimiento por parte de todas las esferas del Estado argentino en torno al caso AMIA. En una audiencia p\u00fablica que [&hellip;]<\/p>\n","protected":false},"author":2,"featured_media":40840,"comment_status":"open","ping_status":"open","sticky":false,"template":"","format":"standard","meta":{"_et_pb_use_builder":"","_et_pb_old_content":"","_et_gb_content_width":"","footnotes":""},"categories":[11,33],"tags":[],"class_list":["post-40839","post","type-post","status-publish","format-standard","has-post-thumbnail","hentry","category-ciudad","category-sociedad-y-cultura-2"],"_links":{"self":[{"href":"https:\/\/vocesdebaires.com.ar\/index.php\/wp-json\/wp\/v2\/posts\/40839"}],"collection":[{"href":"https:\/\/vocesdebaires.com.ar\/index.php\/wp-json\/wp\/v2\/posts"}],"about":[{"href":"https:\/\/vocesdebaires.com.ar\/index.php\/wp-json\/wp\/v2\/types\/post"}],"author":[{"embeddable":true,"href":"https:\/\/vocesdebaires.com.ar\/index.php\/wp-json\/wp\/v2\/users\/2"}],"replies":[{"embeddable":true,"href":"https:\/\/vocesdebaires.com.ar\/index.php\/wp-json\/wp\/v2\/comments?post=40839"}],"version-history":[{"count":1,"href":"https:\/\/vocesdebaires.com.ar\/index.php\/wp-json\/wp\/v2\/posts\/40839\/revisions"}],"predecessor-version":[{"id":40841,"href":"https:\/\/vocesdebaires.com.ar\/index.php\/wp-json\/wp\/v2\/posts\/40839\/revisions\/40841"}],"wp:featuredmedia":[{"embeddable":true,"href":"https:\/\/vocesdebaires.com.ar\/index.php\/wp-json\/wp\/v2\/media\/40840"}],"wp:attachment":[{"href":"https:\/\/vocesdebaires.com.ar\/index.php\/wp-json\/wp\/v2\/media?parent=40839"}],"wp:term":[{"taxonomy":"category","embeddable":true,"href":"https:\/\/vocesdebaires.com.ar\/index.php\/wp-json\/wp\/v2\/categories?post=40839"},{"taxonomy":"post_tag","embeddable":true,"href":"https:\/\/vocesdebaires.com.ar\/index.php\/wp-json\/wp\/v2\/tags?post=40839"}],"curies":[{"name":"wp","href":"https:\/\/api.w.org\/{rel}","templated":true}]}}