{"id":40848,"date":"2022-10-19T00:00:08","date_gmt":"2022-10-19T03:00:08","guid":{"rendered":"https:\/\/vocesdebaires.com.ar\/?p=40848"},"modified":"2022-10-18T23:42:58","modified_gmt":"2022-10-19T02:42:58","slug":"la-ciudadlanzo-el-set-de-indicadores-de-empleo-verde","status":"publish","type":"post","link":"https:\/\/vocesdebaires.com.ar\/index.php\/2022\/10\/19\/la-ciudadlanzo-el-set-de-indicadores-de-empleo-verde\/","title":{"rendered":"La ciudad:Lanz\u00f3 el set de Indicadores de Empleo Verde"},"content":{"rendered":"<p>Con el objetivo de hacer de Buenos Aires un centro urbano resiliente y carbono neutral para 2050, la Ciudad lanz\u00f3 el set de Indicadores de Empleo Verde y se sum\u00f3 al selecto grupo de 7 ciudades del mundo que cuentan con este tipo de datos: \u00c1msterdam, Par\u00eds, R\u00edo de Janeiro, Sidney, Toronto y Vancouver. El set de Indicadores de Empleo Verde, que ya se encuentra disponible en la plataforma BA Cambio Clim\u00e1tico, cont\u00f3 con el financiamiento y la colaboraci\u00f3n de C40, la red de ciudades contra el cambio clim\u00e1tico, y va a permitir seguir avanzando en el trazado de pol\u00edticas p\u00fablicas que garanticen un desarrollo productivo sostenible de cara al futuro.<\/p>\n<p>Este proyecto se suma a las diferentes iniciativas que viene llevando adelante la Ciudad en su compromiso con la acci\u00f3n clim\u00e1tica. Buenos Aires fue pionera al ser una de las primeras ciudades de la regi\u00f3n en desarrollar su Plan de Acci\u00f3n Clim\u00e1tica, que define una hoja de ruta concreta para cumplir el compromiso de ser resiliente, inclusiva y carbono natural para 2050. Como parte de ese compromiso sostenido, Buenos Aires ser\u00e1 sede entre el 19 y el 21 de octubre de este a\u00f1o de la Cumbre de C40, que reunir\u00e1 a m\u00e1s de 100 alcaldes, delegados internacionales, intendentes locales, fil\u00e1ntropos, j\u00f3venes y reconocidos expertos para discutir acerca del cambio clim\u00e1tico, sus efectos y el rol que tienen los gobiernos locales en la lucha para enfrentarlo.<\/p>\n<p>Los Indicadores de Empleos Verdes se desarrollaron de manera colaborativa. Es por eso que, en una primera etapa, la Ciudad se reuni\u00f3 con ciudades que ya implementan esta metodolog\u00eda. Esto permiti\u00f3 no solo establecer un punto de partida, sino tambi\u00e9n aprender de sus experiencias y conocer cu\u00e1les eran las oportunidades y los desaf\u00edos de la implementaci\u00f3n de los indicadores.<\/p>\n<p>Para la realizaci\u00f3n del informe, se utilizaron datos de fuentes oficiales y entrevistas con organismos gubernamentales locales. En esta l\u00ednea, en el armado de los indicadores participaron representantes del sector privado como Accenture, Genneia, la Asociaci\u00f3n de Fabricantes de Automotores (ADEFA) y la C\u00e1mara Argentina de Energ\u00edas Renovables (CADER); de la academia, y de distintas organizaciones de la sociedad civil como J\u00f3venes por el Clima Argentina y Eco House.<\/p>\n<p><strong>Los datos sobre empleo verde<\/strong><br \/>\nDe acuerdo a la Organizaci\u00f3n Internacional del Trabajo, los Empleos Verdes son todos aquellos que cumplen con las normas de trabajo decente, y que contribuyen a preservar y restaurar el ambiente, tanto en sectores ambientales como en sectores tradicionales de la econom\u00eda. Seg\u00fan este informe, en total, hay 203.084 empleos verdes en la Ciudad. De ellos, un 28% corresponde a empleos desarrollados por mujeres y un 72% a empleos desarrollados por hombres. A su vez, hay 69.341 empleados verdes j\u00f3venes menores de 24 a\u00f1os.<\/p>\n<p>El set de indicadores tambi\u00e9n permiti\u00f3 conocer cu\u00e1les son los sectores econ\u00f3micos con mayor participaci\u00f3n dentro del total de empleos verdes en la Ciudad. Estos son: transporte y almacenamiento: 28%; suministro de agua y gesti\u00f3n de residuos: 10%; actividades profesionales, cient\u00edficas y t\u00e9cnicas: 10%; industria manufacturera: 9%; administraci\u00f3n p\u00fablica y defensa: 8%; educaci\u00f3n: 7%; construcci\u00f3n: 7%.<\/p>\n<p>En el informe adem\u00e1s se puede acceder al porcentaje de empleo verde, la cantidad de empleo joven y la distribuci\u00f3n de g\u00e9nero de cada uno de los sectores productivos de la Ciudad, entre otros datos. Una caracter\u00edstica importante de estos indicadores es que podr\u00e1n ser replicados por cualquier ciudad a nivel nacional e internacional ya que todas sus etapas de desarrollo fueron documentadas e incluidas en el informe final.<\/p>\n","protected":false},"excerpt":{"rendered":"<p>Con el objetivo de hacer de Buenos Aires un centro urbano resiliente y carbono neutral para 2050, la Ciudad lanz\u00f3 el set de Indicadores de Empleo Verde y se sum\u00f3 al selecto grupo de 7 ciudades del mundo que cuentan con este tipo de datos: \u00c1msterdam, Par\u00eds, R\u00edo de Janeiro, Sidney, Toronto y Vancouver. El [&hellip;]<\/p>\n","protected":false},"author":3,"featured_media":40849,"comment_status":"open","ping_status":"open","sticky":false,"template":"","format":"standard","meta":{"_et_pb_use_builder":"","_et_pb_old_content":"","_et_gb_content_width":"","footnotes":""},"categories":[11,33],"tags":[],"class_list":["post-40848","post","type-post","status-publish","format-standard","has-post-thumbnail","hentry","category-ciudad","category-sociedad-y-cultura-2"],"_links":{"self":[{"href":"https:\/\/vocesdebaires.com.ar\/index.php\/wp-json\/wp\/v2\/posts\/40848"}],"collection":[{"href":"https:\/\/vocesdebaires.com.ar\/index.php\/wp-json\/wp\/v2\/posts"}],"about":[{"href":"https:\/\/vocesdebaires.com.ar\/index.php\/wp-json\/wp\/v2\/types\/post"}],"author":[{"embeddable":true,"href":"https:\/\/vocesdebaires.com.ar\/index.php\/wp-json\/wp\/v2\/users\/3"}],"replies":[{"embeddable":true,"href":"https:\/\/vocesdebaires.com.ar\/index.php\/wp-json\/wp\/v2\/comments?post=40848"}],"version-history":[{"count":1,"href":"https:\/\/vocesdebaires.com.ar\/index.php\/wp-json\/wp\/v2\/posts\/40848\/revisions"}],"predecessor-version":[{"id":40850,"href":"https:\/\/vocesdebaires.com.ar\/index.php\/wp-json\/wp\/v2\/posts\/40848\/revisions\/40850"}],"wp:featuredmedia":[{"embeddable":true,"href":"https:\/\/vocesdebaires.com.ar\/index.php\/wp-json\/wp\/v2\/media\/40849"}],"wp:attachment":[{"href":"https:\/\/vocesdebaires.com.ar\/index.php\/wp-json\/wp\/v2\/media?parent=40848"}],"wp:term":[{"taxonomy":"category","embeddable":true,"href":"https:\/\/vocesdebaires.com.ar\/index.php\/wp-json\/wp\/v2\/categories?post=40848"},{"taxonomy":"post_tag","embeddable":true,"href":"https:\/\/vocesdebaires.com.ar\/index.php\/wp-json\/wp\/v2\/tags?post=40848"}],"curies":[{"name":"wp","href":"https:\/\/api.w.org\/{rel}","templated":true}]}}