{"id":40857,"date":"2022-10-19T00:00:45","date_gmt":"2022-10-19T03:00:45","guid":{"rendered":"https:\/\/vocesdebaires.com.ar\/?p=40857"},"modified":"2022-10-18T23:53:25","modified_gmt":"2022-10-19T02:53:25","slug":"buenos-airesmusica-deportemuseo-y-actividades-abiertas-al-publico","status":"publish","type":"post","link":"https:\/\/vocesdebaires.com.ar\/index.php\/2022\/10\/19\/buenos-airesmusica-deportemuseo-y-actividades-abiertas-al-publico\/","title":{"rendered":"Buenos Aires:M\u00fasica, deporte,museo y ,actividades abiertas al p\u00fablico"},"content":{"rendered":"<p>El Gobierno de la Ciudad present\u00f3 toda la agenda de actividades culturales, deportivas y de esparcimiento abiertas al p\u00fablico que se realizar\u00e1n en el marco de la Cumbre Mundial de Alcaldes de C40, el evento internacional m\u00e1s importante sobre ciudades y cambio clim\u00e1tico. Con el lema \u201cUnidos en Acci\u00f3n\u201d, Buenos Aires ser\u00e1 la sede de la cumbre, que se realizar\u00e1 del 19 al 21 de octubre. El 21 de octubre, se realizar\u00e1 una nueva edici\u00f3n del festival \u201cLos Pies en el Pasto\u201d, en el Planetario \u201cGalileo Galilei\u201d a partir de las 14. La entrada es libre y gratuita, y se suspende por lluvia.<\/p>\n<p>El festival tendr\u00e1 entre sus actividades talleres sustentables, espacios de concientizaci\u00f3n sobre la separaci\u00f3n de residuos, juegos, stands de emprendedores de la Red de Econom\u00eda Circular de la Ciudad y artesanos. Adem\u00e1s habr\u00e1 un espacio gastron\u00f3mico con la \u00abFeria Vegana\u00bb y \u00abSabe la Tierra\u00bb. A partir de las 18 habr\u00e1 shows con bandas en vivo en el escenario central, donde tocar\u00e1n Turf, Lo\u00b4 Pibitos, Connie Isla, Clara Cava y Pibe Nice.<\/p>\n<p>Las propuestas continuar\u00e1n el fin de semana. El s\u00e1bado 22 de octubre, desde las 19 hasta las 2, se realizar\u00e1 una nueva edici\u00f3n de La Noche de los Museos, el mayor encuentro cultural de la Ciudad, en el que museos y espacios culturales p\u00fablicos y privados abren sus puertas hasta la madrugada con una programaci\u00f3n especial. Esta vez, en su edici\u00f3n n\u00famero 18, m\u00e1s de 230 sedes se alinear\u00e1n al objetivo de este encuentro con iniciativas que invitar\u00e1n a reflexionar sobre la sustentabilidad, la relaci\u00f3n entre arte y naturaleza, y las consecuencias de la problem\u00e1tica ambiental y clim\u00e1tica.<\/p>\n<p>En todas las comunas habr\u00e1 exhibiciones y actividades en las que vecinos y turistas podr\u00e1n participar, no s\u00f3lo contemplarlas. Toda la programaci\u00f3n podr\u00e1 ser consultada, desde WhatsApp a trav\u00e9s de BOTI, el asistente virtual de la Ciudad, 11 5050-0147, y en la web www.buenosaires.gob.ar\/cultura\/museosAdem\u00e1s, el domingo 23 se realizar\u00e1 la \u201cCarrera Ciudad Verde\u201d a las 7 en Plaza de Mayo. Vuelve la carrera que tiene una salida y dos llegadas. M\u00e1s de 9 mil personas corren en el circuito verde o negro para concientizar por la separaci\u00f3n de residuos. Son 5 kil\u00f3metros que iniciar\u00e1n en la intersecci\u00f3n de Av. de mayo y Bol\u00edvar y se extender\u00e1n a lo largo del microcentro porte\u00f1o,<\/p>\n<p>Tambi\u00e9n el domingo 23 de 12 a 17.30, se realizar\u00e1 \u201cCalles de Domingo\u201d, Av. Dorrego entre Av. del Libertador y Av. Figueroa Alcorta. \u201cCalles de Domingo\u201d es un espacio p\u00fablico para actividades recreativas y de promoci\u00f3n de la movilidad sustentable puesto a disposici\u00f3n de los vecinos. Habr\u00e1 diferentes stands con variadas propuestas para comprometer al sector privado y al p\u00fablico en general con la sustentabilidad, como prueba de monopatines y un programa para aprender a andar en bici para ni\u00f1os y adultos que busca impulsar la movilidad m\u00e1s amigable con el planeta.<\/p>\n<p>Adem\u00e1s, la obra interactiva \u00abDej\u00e1 tu Huella\u00bb est\u00e1 expuesta en el hall de entrada de la Legislatura de la Ciudad de Buenos Aires. La artista M\u00f3nica Casella llama a la concientizaci\u00f3n sobre el impacto ambiental que genera el consumo del pl\u00e1stico de un solo uso invitando a quienes visitan su obra a dejar su huella. Para ello, podr\u00e1n firmar una horma y dejarla en el pilet\u00f3n de escamas pl\u00e1sticas recicladas. La obra se puede visitar del 12 al 23 de octubre, de 9 a 18.<\/p>\n<p>Luego, a partir del 18 de octubre y hasta el 1 de noviembre, de 9 a 18, la Legislatura porte\u00f1a tambi\u00e9n exhibir\u00e1 una muestra fotogr\u00e1fica a cargo de Paola Marzotto, reportera gr\u00e1fica especializada en el deterioro ambiental. La exposici\u00f3n \u201cAntarctica, Melting Beauty\u201d (\u201cAnt\u00e1rtida, belleza que se derrite\u201d) retrata los efectos del calentamiento global que enfrenta el planeta.<br \/>\nLa energ\u00eda de la luz ser\u00e1 generada durante el d\u00eda por el pedaleo de unas bicicletas ubicadas en la base del Obelisco, sobre la Plaza de la Rep\u00fablica. Por otro lado, en diferentes edificios de la Ciudad, por la noche habr\u00e1 proyecciones audiovisuales sobre medianeras con mensajes sustentables.<\/p>\n","protected":false},"excerpt":{"rendered":"<p>El Gobierno de la Ciudad present\u00f3 toda la agenda de actividades culturales, deportivas y de esparcimiento abiertas al p\u00fablico que se realizar\u00e1n en el marco de la Cumbre Mundial de Alcaldes de C40, el evento internacional m\u00e1s importante sobre ciudades y cambio clim\u00e1tico. Con el lema \u201cUnidos en Acci\u00f3n\u201d, Buenos Aires ser\u00e1 la sede de [&hellip;]<\/p>\n","protected":false},"author":2,"featured_media":40858,"comment_status":"open","ping_status":"open","sticky":false,"template":"","format":"standard","meta":{"_et_pb_use_builder":"","_et_pb_old_content":"","_et_gb_content_width":"","footnotes":""},"categories":[11,33],"tags":[],"class_list":["post-40857","post","type-post","status-publish","format-standard","has-post-thumbnail","hentry","category-ciudad","category-sociedad-y-cultura-2"],"_links":{"self":[{"href":"https:\/\/vocesdebaires.com.ar\/index.php\/wp-json\/wp\/v2\/posts\/40857"}],"collection":[{"href":"https:\/\/vocesdebaires.com.ar\/index.php\/wp-json\/wp\/v2\/posts"}],"about":[{"href":"https:\/\/vocesdebaires.com.ar\/index.php\/wp-json\/wp\/v2\/types\/post"}],"author":[{"embeddable":true,"href":"https:\/\/vocesdebaires.com.ar\/index.php\/wp-json\/wp\/v2\/users\/2"}],"replies":[{"embeddable":true,"href":"https:\/\/vocesdebaires.com.ar\/index.php\/wp-json\/wp\/v2\/comments?post=40857"}],"version-history":[{"count":1,"href":"https:\/\/vocesdebaires.com.ar\/index.php\/wp-json\/wp\/v2\/posts\/40857\/revisions"}],"predecessor-version":[{"id":40859,"href":"https:\/\/vocesdebaires.com.ar\/index.php\/wp-json\/wp\/v2\/posts\/40857\/revisions\/40859"}],"wp:featuredmedia":[{"embeddable":true,"href":"https:\/\/vocesdebaires.com.ar\/index.php\/wp-json\/wp\/v2\/media\/40858"}],"wp:attachment":[{"href":"https:\/\/vocesdebaires.com.ar\/index.php\/wp-json\/wp\/v2\/media?parent=40857"}],"wp:term":[{"taxonomy":"category","embeddable":true,"href":"https:\/\/vocesdebaires.com.ar\/index.php\/wp-json\/wp\/v2\/categories?post=40857"},{"taxonomy":"post_tag","embeddable":true,"href":"https:\/\/vocesdebaires.com.ar\/index.php\/wp-json\/wp\/v2\/tags?post=40857"}],"curies":[{"name":"wp","href":"https:\/\/api.w.org\/{rel}","templated":true}]}}