{"id":40863,"date":"2022-10-19T00:03:03","date_gmt":"2022-10-19T03:03:03","guid":{"rendered":"https:\/\/vocesdebaires.com.ar\/?p=40863"},"modified":"2022-10-19T00:03:03","modified_gmt":"2022-10-19T03:03:03","slug":"comienza-la-cumbre-mundial-de-alcaldes-de-c40-en-la-ciudad","status":"publish","type":"post","link":"https:\/\/vocesdebaires.com.ar\/index.php\/2022\/10\/19\/comienza-la-cumbre-mundial-de-alcaldes-de-c40-en-la-ciudad\/","title":{"rendered":"Comienza la Cumbre Mundial de Alcaldes de C40 en la Ciudad"},"content":{"rendered":"<p>Desde hoy mi\u00e9rcoles y hasta el viernes Buenos Aires recibir\u00e1 a m\u00e1s de 100 ciudades globales de los cinco continentes, delegados internacionales, intendentes locales, j\u00f3venes, l\u00edderes nacionales e internacionales del sector privado y reconocidos expertos para ser parte de la Cumbre Global de Alcaldes de C40. El evento se desarrollar\u00e1 en el Centro de Convenciones de la Ciudad (CEC). En este marco, el jefe de Gobierno, Horacio Rodr\u00edguez Larreta; el secretario general y de Relaciones Internacionales, Fernando Straface, y el presidente primero de la Legislatura, Emmanuel Ferrario, mantuvieron esta ma\u00f1ana una reuni\u00f3n bilateral con Ahmed Aboutaleb, alcalde de la ciudad de Rotterdam, que lleg\u00f3 ayer a la Ciudad para participar de la cumbre.<\/p>\n<p>Durante el encuentro, dialogaron sobre la relaci\u00f3n de la Argentina con los Pa\u00edses Bajos, que son el tercer inversor mundial en nuestro pa\u00eds detr\u00e1s de Espa\u00f1a y los Estados Unidos. Asimismo, casi la totalidad del biodi\u00e9sel argentino que se exporta ingresa al mercado europeo a trav\u00e9s del puerto de Rotterdam, el m\u00e1s grande de Europa y uno de los m\u00e1s activos del mundo detr\u00e1s de los puertos de Singapur y Shangai. De hecho, por el puerto de Rotterdam tambi\u00e9n ingresan la gran mayor\u00eda de los productos de exportaci\u00f3n de la Argentina a la Uni\u00f3n Europea.<\/p>\n<p>Adem\u00e1s, el jefe de Gobierno convers\u00f3 con Aboutaleb sobre c\u00f3mo en el marco de la Estrategia Rotterdam Resiliente 2022-2027, la ciudad estableci\u00f3 como prioridad acoger refugiados de guerra ucranianos. Luego, Rodr\u00edguez Larreta, Straface y el senador Mart\u00edn Lousteau se reunieron con Rebecca Bill Ch\u00e1vez, presidenta y CEO del Inter-American Dialogue, uno de los think tanks m\u00e1s importantes de los Estados Unidos, Durante el encuentro, conversaron sobre el fortalecimiento de la democracia en la regi\u00f3n, la prosperidad y la equidad en Am\u00e9rica Latina.<\/p>\n<p>Fotos: Walter Carrera \/GCBA<\/p>\n","protected":false},"excerpt":{"rendered":"<p>Desde hoy mi\u00e9rcoles y hasta el viernes Buenos Aires recibir\u00e1 a m\u00e1s de 100 ciudades globales de los cinco continentes, delegados internacionales, intendentes locales, j\u00f3venes, l\u00edderes nacionales e internacionales del sector privado y reconocidos expertos para ser parte de la Cumbre Global de Alcaldes de C40. El evento se desarrollar\u00e1 en el Centro de Convenciones [&hellip;]<\/p>\n","protected":false},"author":2,"featured_media":40864,"comment_status":"open","ping_status":"open","sticky":false,"template":"","format":"standard","meta":{"_et_pb_use_builder":"","_et_pb_old_content":"","_et_gb_content_width":"","footnotes":""},"categories":[11,33],"tags":[],"class_list":["post-40863","post","type-post","status-publish","format-standard","has-post-thumbnail","hentry","category-ciudad","category-sociedad-y-cultura-2"],"_links":{"self":[{"href":"https:\/\/vocesdebaires.com.ar\/index.php\/wp-json\/wp\/v2\/posts\/40863"}],"collection":[{"href":"https:\/\/vocesdebaires.com.ar\/index.php\/wp-json\/wp\/v2\/posts"}],"about":[{"href":"https:\/\/vocesdebaires.com.ar\/index.php\/wp-json\/wp\/v2\/types\/post"}],"author":[{"embeddable":true,"href":"https:\/\/vocesdebaires.com.ar\/index.php\/wp-json\/wp\/v2\/users\/2"}],"replies":[{"embeddable":true,"href":"https:\/\/vocesdebaires.com.ar\/index.php\/wp-json\/wp\/v2\/comments?post=40863"}],"version-history":[{"count":1,"href":"https:\/\/vocesdebaires.com.ar\/index.php\/wp-json\/wp\/v2\/posts\/40863\/revisions"}],"predecessor-version":[{"id":40865,"href":"https:\/\/vocesdebaires.com.ar\/index.php\/wp-json\/wp\/v2\/posts\/40863\/revisions\/40865"}],"wp:featuredmedia":[{"embeddable":true,"href":"https:\/\/vocesdebaires.com.ar\/index.php\/wp-json\/wp\/v2\/media\/40864"}],"wp:attachment":[{"href":"https:\/\/vocesdebaires.com.ar\/index.php\/wp-json\/wp\/v2\/media?parent=40863"}],"wp:term":[{"taxonomy":"category","embeddable":true,"href":"https:\/\/vocesdebaires.com.ar\/index.php\/wp-json\/wp\/v2\/categories?post=40863"},{"taxonomy":"post_tag","embeddable":true,"href":"https:\/\/vocesdebaires.com.ar\/index.php\/wp-json\/wp\/v2\/tags?post=40863"}],"curies":[{"name":"wp","href":"https:\/\/api.w.org\/{rel}","templated":true}]}}