{"id":40875,"date":"2022-10-20T00:18:41","date_gmt":"2022-10-20T03:18:41","guid":{"rendered":"https:\/\/vocesdebaires.com.ar\/?p=40875"},"modified":"2022-10-20T00:18:41","modified_gmt":"2022-10-20T03:18:41","slug":"amiaclase-abierta-de-la-orquesta-en-agradecimiento-a-la-familia-fiedotin","status":"publish","type":"post","link":"https:\/\/vocesdebaires.com.ar\/index.php\/2022\/10\/20\/amiaclase-abierta-de-la-orquesta-en-agradecimiento-a-la-familia-fiedotin\/","title":{"rendered":"AMIA:Clase abierta de la Orquesta en agradecimiento a la familia Fiedotin"},"content":{"rendered":"<p>Con gran emoci\u00f3n y expresiones de enorme gratitud, los alumnos de la \u201cOrquesta Infantil y Juvenil Arnoldo Fiedotin- AMIA\u201d dedicaron, el mi\u00e9rcoles 12 de octubre, una Clase Abierta a Rosi Fiedotin, quien desde los inicios es la donante de este importante proyecto de integraci\u00f3n y formaci\u00f3n musical que desde hace diez a\u00f1os la instituci\u00f3n lleva adelante. La actividad, que fue coordinada por el \u00e1rea de Infancia de la entidad, se realiz\u00f3 en la sede de Uriburu 650, donde los integrantes de la orquesta interpretaron diferentes fragmentos de obras y piezas musicales en agradecimiento al permanente apoyo recibido.<\/p>\n<p>Para honrar la memoria de quien fuera un ejemplo de filantrop\u00eda y solidaridad, la Orquesta de AMIA lleva el nombre del doctor Arnoldo Fiedotin, un apasionado por la m\u00fasica y por la formaci\u00f3n cultural. Gracias a la contribuci\u00f3n de su familia, los alumnos cuentan con una gran variedad de instrumentos que les permiten realizar y avanzar en las pr\u00e1cticas y las clases que toman dos veces por semana en la instituci\u00f3n. Antes del comienzo de la Clase Abierta, la coordinadora del \u00e1rea de Infancia de AMIA, Ximena Mizrahi agradeci\u00f3 el apoyo de los docentes y voluntarios que acompa\u00f1an a los alumnos en su formaci\u00f3n musical. \u201cNuestro prop\u00f3sito es que con este proyecto podamos seguir honrando el legado de Arnoldo Fiedotin\u201d, expres\u00f3.<\/p>\n<p>Con la presencia de familiares de los alumnos y con Nicol\u00e1s Radicci como director a cargo, el encuentro cont\u00f3 con varios momentos especiales. Entre ellos, un video que repas\u00f3 los hitos m\u00e1s importantes de la orquesta a lo largo de sus diez a\u00f1os de vida, y cuando los participantes del proyecto manifestaron el especial significado que tiene para ellos ser parte de esta iniciativa.<br \/>\n\u201cMe acerqu\u00e9 con mucha timidez y me encontr\u00e9 con un ambiente hermoso\u201d. \u201cLa orquesta me permiti\u00f3 crecer en la m\u00fasica\u201d. \u201cMe siento bien estando ac\u00e1. Estoy muy agradecido por participar\u201d. \u201cEs como un segundo hogar para m\u00ed\u201d. \u00c9stas fueron algunas de las c\u00e1lidas palabras que los alumnos compartieron en la clase abierta.<\/p>\n<p>Tambi\u00e9n los familiares tuvieron expresiones de agradecimiento hacia la familia Fiedotin y hacia la instituci\u00f3n. \u201cEstamos muy felices por su apoyo incondicional, por este gesto tan noble para todos los ni\u00f1os\u201d, dijo en el encuentro la abuela de una de las participantes. \u201cVenimos desde Guernica y siempre nos han recibido muy amablemente\u201d, agreg\u00f3 emocionada. A su turno, Rosi Fiedotin se dirigi\u00f3 a los integrantes de la orquesta y reconoci\u00f3 la dedicaci\u00f3n y la perseverancia de todos. \u201cUstedes trabajan todos los d\u00edas para mantener y mejorar el nivel. La m\u00fasica es parte integral de nuestras vidas. Me da mucho placer ver todas estas caras j\u00f3venes dedicadas a este proyecto\u201d, destac\u00f3 la donante.<\/p>\n<p><strong>Integrar a trav\u00e9s de la m\u00fasica<\/strong><br \/>\nAntes de la clase abierta, Rosi Fiedotin, acompa\u00f1ada por su hija Diana, comparti\u00f3 una reuni\u00f3n con directivos de AMIA, en la que le manifestaron su reconocimiento por su altruismo y su gran apoyo a este proyecto que naci\u00f3 para promover la inclusi\u00f3n social de ni\u00f1os y adolescentes en situaci\u00f3n de vulnerabilidad y contribuir a su integraci\u00f3n a trav\u00e9s de la m\u00fasica. Del encuentro participaron el director ejecutivo de la entidad, Daniel Pomerantz; la directora del departamento de Programas Sociales, Fanny Kohon; el secretario de Programas Sociales, Gabriel Gutesman; la directora de Desarrollo Institucional, Mariana Salem, y la coordinadora del \u00e1rea de Infancia, Ximena Mizrahi.<\/p>\n<p>La \u201cOrquesta Infantil y Juvenil Arnoldo Fiedotin \u2013 AMIA\u201d forma parte de los programas sociales que la entidad lleva adelante para garantizar los derechos esenciales a la poblaci\u00f3n m\u00e1s vulnerable. En este caso, a trav\u00e9s de la m\u00fasica y mediante el hecho de aprender a ejecutar distintos instrumentos, se promueve la integraci\u00f3n, el valor de la convivencia y la importancia de compartir. El proyecto educativo cuenta con el apoyo de los programas de Mecenazgo del Ministerio de Cultura y Fortalecimiento de la Sociedad Civil del gobierno de la ciudad de Buenos Aires. Del proyecto participan m\u00e1s de 50 ni\u00f1os y adolescentes de diferentes procedencias, nacionalidades y credos.<\/p>\n","protected":false},"excerpt":{"rendered":"<p>Con gran emoci\u00f3n y expresiones de enorme gratitud, los alumnos de la \u201cOrquesta Infantil y Juvenil Arnoldo Fiedotin- AMIA\u201d dedicaron, el mi\u00e9rcoles 12 de octubre, una Clase Abierta a Rosi Fiedotin, quien desde los inicios es la donante de este importante proyecto de integraci\u00f3n y formaci\u00f3n musical que desde hace diez a\u00f1os la instituci\u00f3n lleva [&hellip;]<\/p>\n","protected":false},"author":2,"featured_media":40876,"comment_status":"open","ping_status":"open","sticky":false,"template":"","format":"standard","meta":{"_et_pb_use_builder":"","_et_pb_old_content":"","_et_gb_content_width":"","footnotes":""},"categories":[11,33],"tags":[],"class_list":["post-40875","post","type-post","status-publish","format-standard","has-post-thumbnail","hentry","category-ciudad","category-sociedad-y-cultura-2"],"_links":{"self":[{"href":"https:\/\/vocesdebaires.com.ar\/index.php\/wp-json\/wp\/v2\/posts\/40875"}],"collection":[{"href":"https:\/\/vocesdebaires.com.ar\/index.php\/wp-json\/wp\/v2\/posts"}],"about":[{"href":"https:\/\/vocesdebaires.com.ar\/index.php\/wp-json\/wp\/v2\/types\/post"}],"author":[{"embeddable":true,"href":"https:\/\/vocesdebaires.com.ar\/index.php\/wp-json\/wp\/v2\/users\/2"}],"replies":[{"embeddable":true,"href":"https:\/\/vocesdebaires.com.ar\/index.php\/wp-json\/wp\/v2\/comments?post=40875"}],"version-history":[{"count":1,"href":"https:\/\/vocesdebaires.com.ar\/index.php\/wp-json\/wp\/v2\/posts\/40875\/revisions"}],"predecessor-version":[{"id":40877,"href":"https:\/\/vocesdebaires.com.ar\/index.php\/wp-json\/wp\/v2\/posts\/40875\/revisions\/40877"}],"wp:featuredmedia":[{"embeddable":true,"href":"https:\/\/vocesdebaires.com.ar\/index.php\/wp-json\/wp\/v2\/media\/40876"}],"wp:attachment":[{"href":"https:\/\/vocesdebaires.com.ar\/index.php\/wp-json\/wp\/v2\/media?parent=40875"}],"wp:term":[{"taxonomy":"category","embeddable":true,"href":"https:\/\/vocesdebaires.com.ar\/index.php\/wp-json\/wp\/v2\/categories?post=40875"},{"taxonomy":"post_tag","embeddable":true,"href":"https:\/\/vocesdebaires.com.ar\/index.php\/wp-json\/wp\/v2\/tags?post=40875"}],"curies":[{"name":"wp","href":"https:\/\/api.w.org\/{rel}","templated":true}]}}