{"id":40878,"date":"2022-10-20T00:22:03","date_gmt":"2022-10-20T03:22:03","guid":{"rendered":"https:\/\/vocesdebaires.com.ar\/?p=40878"},"modified":"2022-10-20T00:22:03","modified_gmt":"2022-10-20T03:22:03","slug":"legislatura-inauguro-la-muestra-antarctica-melting-beauty","status":"publish","type":"post","link":"https:\/\/vocesdebaires.com.ar\/index.php\/2022\/10\/20\/legislatura-inauguro-la-muestra-antarctica-melting-beauty\/","title":{"rendered":"Legislatura: Inaugur\u00f3 la muestra \u201cAntarctica, Melting Beauty\u201d"},"content":{"rendered":"<p>En el marco de la Cumbre del C40, la Legislatura de la Ciudad inaugur\u00f3 la muestra \u201cAntarctica, Melting Beauty\u201d, de la fot\u00f3grafa y fundadora de Eye-V Gallery, Paola Marzotto. El acto se llev\u00f3 a cabo en el Sal\u00f3n Dorado Hip\u00f3lito Yrigoyen y cont\u00f3 con la presencia de la directora General de Relaciones Internacionales y Cooperaci\u00f3n Ornela Vanzillotta, el curador Luis Guzm\u00e1n Castellanos, el director General de Asuntos Culturales y Patrimoniales Juan Diego Bellocchio y la autora de la muestra.<\/p>\n<p>En el comienzo, Vanzillotta fue la responsable de brindarle la bienvenida a Marzotto y a su muestra. \u201cTanto la exhibici\u00f3n como la presencia de la se\u00f1ora Marzotto no hacen m\u00e1s que reafirmar su compromiso con nuestro planeta\u201d, sentenci\u00f3. Y agreg\u00f3: \u201cagradezco mucho a la artista por confiar en nosotros en el proceso, por su compromiso, dedicaci\u00f3n y perfeccionismo constante, y por haber confiado en la Legislatura de la Ciudad para albergar su obra\u201d. Luego, Marzotto agradeci\u00f3 al Palacio Municipal y rememor\u00f3 un viaje que hizo en 2020, que la inspir\u00f3 a realizar \u201cAntartica, Melting Beauty\u201d.<\/p>\n<p>\u201cSi el mundo parara hoy, tendr\u00edamos cuatro a\u00f1os para salvarlo\u201d, sentenci\u00f3, en relaci\u00f3n a la problem\u00e1tica mundial sobre el cambio clim\u00e1tico. Y decret\u00f3 que la naturaleza es mucho m\u00e1s poderosa que el ser humano. Por su parte, Bellocchio afirm\u00f3 que la muestra \u201cnos interpela sobre el impacto del cambio clim\u00e1tico a nivel mundial y qu\u00e9 poder tienen los parlamentos para poder alzar su voz y plantear lo que est\u00e1 mal y qu\u00e9 hay que corregir. Tambi\u00e9n hizo hincapi\u00e9 en el debate p\u00fablico y de ideas \u201cque sucede a menudo en esta casa del pueblo\u201d. Finalmente Castellanos reflexion\u00f3 que \u201ccuando hablamos de cambio clim\u00e1tico nos debemos una conversaci\u00f3n con nosotros mismos, qu\u00e9 nos est\u00e1 pasando\u201d.<\/p>\n<p>A principios del 2020 y cuando la pandemia comenzaba a esparcirse por el mundo, Marzotto tom\u00f3 fotos de los glaciares y paisajes marinos de la Ant\u00e1rtida Argentina. Las im\u00e1genes ilustran la fragmentaci\u00f3n de un paisaje que, hasta hace poco, se hab\u00eda retratado en su inmensidad majestuosa. Y hoy a trav\u00e9s de su lente se presenta como una cat\u00e1strofe ambiental que afecta una regi\u00f3n fundamental para el sustento de nuestro Planeta. La muestra se podr\u00e1 disfrutar hasta el 1 de noviembre, en la Galer\u00eda de los Atlantes. Y tambi\u00e9n es parte del cronograma que presentar\u00e1 Legislatura, en el contexto de la Noche de los Museos que se realizar\u00e1 el pr\u00f3ximo s\u00e1bado 22 de octubre, de 19 a 2.<\/p>\n","protected":false},"excerpt":{"rendered":"<p>En el marco de la Cumbre del C40, la Legislatura de la Ciudad inaugur\u00f3 la muestra \u201cAntarctica, Melting Beauty\u201d, de la fot\u00f3grafa y fundadora de Eye-V Gallery, Paola Marzotto. El acto se llev\u00f3 a cabo en el Sal\u00f3n Dorado Hip\u00f3lito Yrigoyen y cont\u00f3 con la presencia de la directora General de Relaciones Internacionales y Cooperaci\u00f3n [&hellip;]<\/p>\n","protected":false},"author":2,"featured_media":40879,"comment_status":"open","ping_status":"open","sticky":false,"template":"","format":"standard","meta":{"_et_pb_use_builder":"","_et_pb_old_content":"","_et_gb_content_width":"","footnotes":""},"categories":[11,33],"tags":[],"class_list":["post-40878","post","type-post","status-publish","format-standard","has-post-thumbnail","hentry","category-ciudad","category-sociedad-y-cultura-2"],"_links":{"self":[{"href":"https:\/\/vocesdebaires.com.ar\/index.php\/wp-json\/wp\/v2\/posts\/40878"}],"collection":[{"href":"https:\/\/vocesdebaires.com.ar\/index.php\/wp-json\/wp\/v2\/posts"}],"about":[{"href":"https:\/\/vocesdebaires.com.ar\/index.php\/wp-json\/wp\/v2\/types\/post"}],"author":[{"embeddable":true,"href":"https:\/\/vocesdebaires.com.ar\/index.php\/wp-json\/wp\/v2\/users\/2"}],"replies":[{"embeddable":true,"href":"https:\/\/vocesdebaires.com.ar\/index.php\/wp-json\/wp\/v2\/comments?post=40878"}],"version-history":[{"count":1,"href":"https:\/\/vocesdebaires.com.ar\/index.php\/wp-json\/wp\/v2\/posts\/40878\/revisions"}],"predecessor-version":[{"id":40880,"href":"https:\/\/vocesdebaires.com.ar\/index.php\/wp-json\/wp\/v2\/posts\/40878\/revisions\/40880"}],"wp:featuredmedia":[{"embeddable":true,"href":"https:\/\/vocesdebaires.com.ar\/index.php\/wp-json\/wp\/v2\/media\/40879"}],"wp:attachment":[{"href":"https:\/\/vocesdebaires.com.ar\/index.php\/wp-json\/wp\/v2\/media?parent=40878"}],"wp:term":[{"taxonomy":"category","embeddable":true,"href":"https:\/\/vocesdebaires.com.ar\/index.php\/wp-json\/wp\/v2\/categories?post=40878"},{"taxonomy":"post_tag","embeddable":true,"href":"https:\/\/vocesdebaires.com.ar\/index.php\/wp-json\/wp\/v2\/tags?post=40878"}],"curies":[{"name":"wp","href":"https:\/\/api.w.org\/{rel}","templated":true}]}}