{"id":40882,"date":"2022-10-20T00:26:11","date_gmt":"2022-10-20T03:26:11","guid":{"rendered":"https:\/\/vocesdebaires.com.ar\/?p=40882"},"modified":"2022-10-20T00:26:50","modified_gmt":"2022-10-20T03:26:50","slug":"larreta-y-alcaldes-extranjeros-plantaron-arboles-en-la-reserva-ecologica","status":"publish","type":"post","link":"https:\/\/vocesdebaires.com.ar\/index.php\/2022\/10\/20\/larreta-y-alcaldes-extranjeros-plantaron-arboles-en-la-reserva-ecologica\/","title":{"rendered":"Larreta y alcaldes extranjeros plantaron \u00e1rboles en la Reserva"},"content":{"rendered":"<p>El jefe de Gobierno, Horacio Rodr\u00edguez Larreta, y alcaldes de diferentes ciudades del mundo que participan de la Cumbre Mundial de Alcaldes de C40 plantaron \u00e1rboles nativos en la Reserva Ecol\u00f3gica. La recorrida forma parte de una serie de visitas t\u00e9cnicas que alcaldes y delegaciones internacionales har\u00e1n para conocer algunas de las principales transformaciones de la Ciudad en materia de cambio clim\u00e1tico. \u201cLos 40 \u00e1rboles simbolizan el compromiso de toda la red C40 con la acci\u00f3n clim\u00e1tica global impulsada desde las ciudades. Es un orgullo ver que cada vez somos m\u00e1s los que nos unimos para cuidar el planeta; y que ese compromiso trasciende fronteras, ideolog\u00edas y generaciones\u201d, indic\u00f3 Rodr\u00edguez Larreta.<\/p>\n<p>Participaron del recorrido Sadiq Khan, alcalde de Londres; Claudia L\u00f3pez Hern\u00e1ndez, alcaldesa de Bogot\u00e1; Ricardo Nunes, alcalde de San Pablo; Carolina Cosse, alcaldesa de Montevideo; Valerie Plante, alcaldesa de Montreal; Sophie H\u00e6storp Andersen, alcaldesa de Copenhagen; Joy Belmonte, alcaldesa de Ciudad Quezon; Adanech Abiebie, alcaldesa de Addis Abeba; Randall Williams, alcalde de Tshwane; \u00d3scar Rodr\u00edguez, alcalde de Asunci\u00f3n; Lu\u00edsa Salgueiro, alcaldesa de Matosinho; Pandit Ubraj Narine, alcalde de Georgetown; Claudio Castro, alcalde de Renca, y Vikram Kumar, comisionado de Pune. Durante el recorrido, los alcaldes conversaron sobre la problem\u00e1ticas de las \u00e1reas de conservaci\u00f3n urbanas, los desaf\u00edos de la gesti\u00f3n de las reservas ecol\u00f3gicas y los retos para fomentar la biodiversidad en las grandes ciudades.<\/p>\n<p>\u201cRecuperar la biodiversidad de la Ciudad es uno de los ejes centrales de nuestra gesti\u00f3n porque sabemos que contar con m\u00e1s \u00e1rboles y m\u00e1s plantas nativas es fundamental para mejorar la calidad de vida de todos los vecinos y una herramienta indispensable para contener los efectos del cambio clim\u00e1tico que se hacen sentir a trav\u00e9s de olas de calor y lluvias cada vez m\u00e1s fuertes y frecuentes\u201d explic\u00f3 In\u00e9s Gorbea, secretaria de Ambiente, durante la actividad.<\/p>\n<p>La visita culmin\u00f3 con la plantaci\u00f3n de 40 ejemplares de \u00e1rboles nativos, en una zona en que se trabaja para la regeneraci\u00f3n ambiental a trav\u00e9s de la recuperaci\u00f3n del ecosistema aut\u00f3ctono, reforzando la biodiversidad de flora, fauna y los servicios ecosist\u00e9micos asociados al bosque. A trav\u00e9s de esta iniciativa se busca reforzar el biocorredor que se ha constituido entre todas las \u00e1reas protegidas de la Ciudad: esta Reserva, la Reserva Ecol\u00f3gica Lago Lugano, la Reserva Ecol\u00f3gica Ciudad Universitaria \u2013 Costanera Norte y el Jard\u00edn Bot\u00e1nico. Este biocorredor permite que las aves, muchas migratorias, puedan alimentarse, descansar y aparearse, entre otras actividades, antes de seguir viaje hacia sus destinos.<\/p>\n<p>Fotos\/ GCBA<\/p>\n","protected":false},"excerpt":{"rendered":"<p>El jefe de Gobierno, Horacio Rodr\u00edguez Larreta, y alcaldes de diferentes ciudades del mundo que participan de la Cumbre Mundial de Alcaldes de C40 plantaron \u00e1rboles nativos en la Reserva Ecol\u00f3gica. La recorrida forma parte de una serie de visitas t\u00e9cnicas que alcaldes y delegaciones internacionales har\u00e1n para conocer algunas de las principales transformaciones de [&hellip;]<\/p>\n","protected":false},"author":2,"featured_media":40883,"comment_status":"open","ping_status":"open","sticky":false,"template":"","format":"standard","meta":{"_et_pb_use_builder":"","_et_pb_old_content":"","_et_gb_content_width":"","footnotes":""},"categories":[11,33],"tags":[],"class_list":["post-40882","post","type-post","status-publish","format-standard","has-post-thumbnail","hentry","category-ciudad","category-sociedad-y-cultura-2"],"_links":{"self":[{"href":"https:\/\/vocesdebaires.com.ar\/index.php\/wp-json\/wp\/v2\/posts\/40882"}],"collection":[{"href":"https:\/\/vocesdebaires.com.ar\/index.php\/wp-json\/wp\/v2\/posts"}],"about":[{"href":"https:\/\/vocesdebaires.com.ar\/index.php\/wp-json\/wp\/v2\/types\/post"}],"author":[{"embeddable":true,"href":"https:\/\/vocesdebaires.com.ar\/index.php\/wp-json\/wp\/v2\/users\/2"}],"replies":[{"embeddable":true,"href":"https:\/\/vocesdebaires.com.ar\/index.php\/wp-json\/wp\/v2\/comments?post=40882"}],"version-history":[{"count":2,"href":"https:\/\/vocesdebaires.com.ar\/index.php\/wp-json\/wp\/v2\/posts\/40882\/revisions"}],"predecessor-version":[{"id":40885,"href":"https:\/\/vocesdebaires.com.ar\/index.php\/wp-json\/wp\/v2\/posts\/40882\/revisions\/40885"}],"wp:featuredmedia":[{"embeddable":true,"href":"https:\/\/vocesdebaires.com.ar\/index.php\/wp-json\/wp\/v2\/media\/40883"}],"wp:attachment":[{"href":"https:\/\/vocesdebaires.com.ar\/index.php\/wp-json\/wp\/v2\/media?parent=40882"}],"wp:term":[{"taxonomy":"category","embeddable":true,"href":"https:\/\/vocesdebaires.com.ar\/index.php\/wp-json\/wp\/v2\/categories?post=40882"},{"taxonomy":"post_tag","embeddable":true,"href":"https:\/\/vocesdebaires.com.ar\/index.php\/wp-json\/wp\/v2\/tags?post=40882"}],"curies":[{"name":"wp","href":"https:\/\/api.w.org\/{rel}","templated":true}]}}