{"id":40894,"date":"2022-10-21T00:00:15","date_gmt":"2022-10-21T03:00:15","guid":{"rendered":"https:\/\/vocesdebaires.com.ar\/?p=40894"},"modified":"2022-10-20T23:47:15","modified_gmt":"2022-10-21T02:47:15","slug":"el-gobierno-de-la-ciudad-y-sattsaid-acuerdan-politicas-conjuntas","status":"publish","type":"post","link":"https:\/\/vocesdebaires.com.ar\/index.php\/2022\/10\/21\/el-gobierno-de-la-ciudad-y-sattsaid-acuerdan-politicas-conjuntas\/","title":{"rendered":"El Gobierno de la Ciudad y SATTSAID acuerdan pol\u00edticas conjuntas"},"content":{"rendered":"<p>El subsecretario de Trabajo, Industria y Comercio de la Ciudad, Ezequiel Jarvis, mantuvo ayer una reuni\u00f3n con las autoridades del Sindicato Argentino de Televisi\u00f3n, Telecomunicaciones, Servicios Audiovisuales, Interactivos y de Datos (S.A.T.T.S.A.I.D.), representado por su secretario General, Carlos Horacio Arreceygor; el pro secretario Gremial, Pablo Storino; la secretaria de la Mujer y la Familia, Marianela Mel; y el secretario de Relaciones Internacionales, Gerardo Gonz\u00e1lez. All\u00ed acordaron cinco ejes de gesti\u00f3n para mejorar las condiciones laborales de los trabajadores porte\u00f1os, y firmaron un convenio de cooperaci\u00f3n mutua para sellar el compromiso que permitir\u00e1 avanzar tambi\u00e9n en materia de salud y seguridad y en garantizar trabajo decente.<\/p>\n<p>Participaron tambi\u00e9n del encuentro los directores generales de la Subsecretar\u00eda de Trabajo, Marcelo Bouzas (Asuntos Gremiales y Formaci\u00f3n Sindical), Fernando Cohen (Protecci\u00f3n del Trabajo) y Claudia Testa (Trabajo Decente y Relaciones Laborales). \u201cRatificamos nuestro compromiso de promover el trabajo registrado y decente tambi\u00e9n en el sector de la televisi\u00f3n, telecomunicaciones, servicios audiovisuales, interactivos y de datos, formando a los delegados gremiales del sector en pos de tener mejor capacidad y mejor capacitaci\u00f3n para quienes representan a los trabajadores de este rubro. Agradezco a los dirigentes de SATTSAID por acompa\u00f1arnos en esta iniciativa con buena voluntad y ganas impulsar en conjunto este compromiso con la Ciudad.<\/p>\n<p>Estoy convencido de que el trabajo articulado entre el Estado, los gremios y el sector privado nos permiten garantizar el trabajo de calidad, cuidando a nuestros trabajadores y trabajadoras\u201d, destac\u00f3 el subsecretario Ezequiel Jarvis. Asimismo, Jarvis agreg\u00f3: \u201cSi queremos generar escenarios donde en Argentina crezca el trabajo privado, registrado y decente, es vital la alianza entre el Estado, quienes representan a los trabajadores y, por supuesto, quienes generan el trabajo que es el sector privado, con lo cual, son fundamentales todas aquellas iniciativas que fomenten y fortalezcan esos lazos de confianza en pos de generar acuerdos sostenibles en el tiempo, como este que estamos llevando adelante, donde nos proponemos seguir trabajando para avanzar en una mayor formalizaci\u00f3n de un sector. En esto, quiero destacar que continuamente venimos trabajando junto con los gremios de la Ciudad de Buenos Aires para combatir el trabajo no registrado, para fortalecer capacitaciones para los delegados sindicales, para dirimir tanto conflictos colectivos como todas aquellas situaciones que surjan dentro del \u00e1mbito laboral\u201d.<\/p>\n<p><strong>Con el fin de sostener las leyes laborales que benefician a los trabajadores y seguir mejorando sus condiciones de vida y trabajo, por medio del convenio firmado se establecen cinco ejes de gesti\u00f3n por atender en conjunto: 1)<\/strong> La detecci\u00f3n de situaciones de trabajo informal y otros incumplimientos de la normativa vigente en materia laboral, seguridad y salud en el trabajo.<strong> 2)<\/strong> El dictado de capacitaciones tanto para trabajadores como para empleadores, que traten de distintas problem\u00e1ticas del mundo laboral actual.<strong> 3)<\/strong> El desarrollo de acciones conjuntas que promuevan la igualdad de oportunidades con perspectiva de g\u00e9nero y diversidad sexual, buscando, a la vez, erradicar la violencia en los espacios de trabajo.<strong> 4)<\/strong> La concientizaci\u00f3n sobre los riesgos laborales y enfermedades profesionales posibles, a trav\u00e9s de campa\u00f1as de difusi\u00f3n.<strong> 5)<\/strong> El acercamiento de herramientas que permitan a los trabajadores ejercer sus derechos y obligaciones en materia laboral y sindical.<\/p>\n<p>El objetivo es lograr en forma mancomunada la lucha contra la informalidad, la falta de registraci\u00f3n, el incumplimiento de los convenios colectivos de trabajo aplicables y de las condiciones de higiene y seguridad, y el desarrollo de acciones concretas para la prevenci\u00f3n de accidentes de trabajo y enfermedades derivadas, que permitan garantizar la existencia de empleo decente en dichas actividades. Asimismo, brindar colaboraci\u00f3n y ayuda mutua para la detecci\u00f3n del trabajo no registrado, las situaciones de fraude laboral, as\u00ed como cualquier otro incumplimiento de la normativa vigente en materia laboral, higiene y seguridad en el trabajo.<\/p>\n","protected":false},"excerpt":{"rendered":"<p>El subsecretario de Trabajo, Industria y Comercio de la Ciudad, Ezequiel Jarvis, mantuvo ayer una reuni\u00f3n con las autoridades del Sindicato Argentino de Televisi\u00f3n, Telecomunicaciones, Servicios Audiovisuales, Interactivos y de Datos (S.A.T.T.S.A.I.D.), representado por su secretario General, Carlos Horacio Arreceygor; el pro secretario Gremial, Pablo Storino; la secretaria de la Mujer y la Familia, Marianela [&hellip;]<\/p>\n","protected":false},"author":2,"featured_media":40895,"comment_status":"open","ping_status":"open","sticky":false,"template":"","format":"standard","meta":{"_et_pb_use_builder":"","_et_pb_old_content":"","_et_gb_content_width":"","footnotes":""},"categories":[11,33],"tags":[],"class_list":["post-40894","post","type-post","status-publish","format-standard","has-post-thumbnail","hentry","category-ciudad","category-sociedad-y-cultura-2"],"_links":{"self":[{"href":"https:\/\/vocesdebaires.com.ar\/index.php\/wp-json\/wp\/v2\/posts\/40894"}],"collection":[{"href":"https:\/\/vocesdebaires.com.ar\/index.php\/wp-json\/wp\/v2\/posts"}],"about":[{"href":"https:\/\/vocesdebaires.com.ar\/index.php\/wp-json\/wp\/v2\/types\/post"}],"author":[{"embeddable":true,"href":"https:\/\/vocesdebaires.com.ar\/index.php\/wp-json\/wp\/v2\/users\/2"}],"replies":[{"embeddable":true,"href":"https:\/\/vocesdebaires.com.ar\/index.php\/wp-json\/wp\/v2\/comments?post=40894"}],"version-history":[{"count":2,"href":"https:\/\/vocesdebaires.com.ar\/index.php\/wp-json\/wp\/v2\/posts\/40894\/revisions"}],"predecessor-version":[{"id":40897,"href":"https:\/\/vocesdebaires.com.ar\/index.php\/wp-json\/wp\/v2\/posts\/40894\/revisions\/40897"}],"wp:featuredmedia":[{"embeddable":true,"href":"https:\/\/vocesdebaires.com.ar\/index.php\/wp-json\/wp\/v2\/media\/40895"}],"wp:attachment":[{"href":"https:\/\/vocesdebaires.com.ar\/index.php\/wp-json\/wp\/v2\/media?parent=40894"}],"wp:term":[{"taxonomy":"category","embeddable":true,"href":"https:\/\/vocesdebaires.com.ar\/index.php\/wp-json\/wp\/v2\/categories?post=40894"},{"taxonomy":"post_tag","embeddable":true,"href":"https:\/\/vocesdebaires.com.ar\/index.php\/wp-json\/wp\/v2\/tags?post=40894"}],"curies":[{"name":"wp","href":"https:\/\/api.w.org\/{rel}","templated":true}]}}